{"id":8884,"date":"2022-03-18T18:02:43","date_gmt":"2022-03-18T21:02:43","guid":{"rendered":"https:\/\/www.tribunanf.com.br\/blogdoralfereis\/?p=8884"},"modified":"2022-03-18T18:02:43","modified_gmt":"2022-03-18T21:02:43","slug":"secretaria-de-educacao-de-campos-publica-contrato-da-merenda","status":"publish","type":"post","link":"https:\/\/www.tribunanf.com.br\/blogdoralfereis\/2022\/03\/18\/secretaria-de-educacao-de-campos-publica-contrato-da-merenda\/","title":{"rendered":"Secretaria de Educa\u00e7\u00e3o de Campos publica contrato da merenda"},"content":{"rendered":"<p><img loading=\"lazy\" decoding=\"async\" class=\"aligncenter size-full wp-image-7045\" src=\"https:\/\/www.tribunanf.com.br\/blogdoralfereis\/wp-content\/uploads\/sites\/11\/2021\/06\/educacao.jpg\" alt=\"\" width=\"533\" height=\"400\" srcset=\"https:\/\/www.tribunanf.com.br\/blogdoralfereis\/wp-content\/uploads\/sites\/11\/2021\/06\/educacao.jpg 533w, https:\/\/www.tribunanf.com.br\/blogdoralfereis\/wp-content\/uploads\/sites\/11\/2021\/06\/educacao-300x225.jpg 300w\" sizes=\"auto, (max-width: 533px) 100vw, 533px\" \/><\/p>\n<p style=\"text-align: justify;\">O secret\u00e1rio de Educa\u00e7\u00e3o de Campos, Marcelo Machado Feres, publicou na edi\u00e7\u00e3o suplementar do Di\u00e1rio Oficial nesta sexta-feira (18) o extrato de contrato das vencedoras da licita\u00e7\u00e3o da merenda escolar, no qual o blog vai chamar de merenda &#8216;salgada&#8217;.<\/p>\n<p style=\"text-align: justify;\">O primeiro contrato foi com a j\u00e1 conhecida Milano do Brasil, que forneceu os kits alimenta\u00e7\u00e3o no ano passado. O valor \u00e9 R$ 60.809.988,00 (Sessenta milh\u00f5es, oitocentos e nove mil, novecentos e oitenta e oito reais).<\/p>\n<p style=\"text-align: justify;\">O segundo contrato \u00e9 com a tamb\u00e9m conhecida, mas prata da casa, ACF da Silva. O valor \u00e9 de R$ 22.509.312,00 (Vinte e dois milh\u00f5es, quinhentos e nove mil, trezentos e doze reais).<\/p>\n<p style=\"text-align: justify;\">Existem duas impugna\u00e7\u00f5es da licita\u00e7\u00e3o no TCE, por\u00e9m o conselheiro relator do caso negou suspender o certame e determinou a oitiva da prefeitura.<\/p>\n<p style=\"text-align: justify;\">O blog tem um acervo de mat\u00e9rias relacionadas a merenda. Se algum aluno reclamar da merenda a gente voltar a pautar o assunto.<\/p>\n<p><img loading=\"lazy\" decoding=\"async\" class=\"aligncenter size-full wp-image-8885\" src=\"https:\/\/www.tribunanf.com.br\/blogdoralfereis\/wp-content\/uploads\/sites\/11\/2022\/03\/Sem-titulo.png\" alt=\"\" width=\"869\" height=\"456\" srcset=\"https:\/\/www.tribunanf.com.br\/blogdoralfereis\/wp-content\/uploads\/sites\/11\/2022\/03\/Sem-titulo.png 869w, https:\/\/www.tribunanf.com.br\/blogdoralfereis\/wp-content\/uploads\/sites\/11\/2022\/03\/Sem-titulo-300x157.png 300w, https:\/\/www.tribunanf.com.br\/blogdoralfereis\/wp-content\/uploads\/sites\/11\/2022\/03\/Sem-titulo-768x403.png 768w, https:\/\/www.tribunanf.com.br\/blogdoralfereis\/wp-content\/uploads\/sites\/11\/2022\/03\/Sem-titulo-390x205.png 390w\" sizes=\"auto, (max-width: 869px) 100vw, 869px\" \/><\/p>\n","protected":false},"excerpt":{"rendered":"<p>O secret\u00e1rio de Educa\u00e7\u00e3o de Campos, Marcelo Machado Feres, publicou na edi\u00e7\u00e3o suplementar do Di\u00e1rio Oficial nesta sexta-feira (18) o&#8230;<\/p>\n","protected":false},"author":2,"featured_media":7045,"comment_status":"open","ping_status":"open","sticky":false,"template":"","format":"standard","meta":{"colormag_page_container_layout":"default_layout","colormag_page_sidebar_layout":"default_layout","jetpack_post_was_ever_published":false,"_jetpack_newsletter_access":"","_jetpack_dont_email_post_to_subs":false,"_jetpack_newsletter_tier_id":0,"_jetpack_memberships_contains_paywalled_content":false,"_jetpack_memberships_contains_paid_content":false,"footnotes":""},"categories":[2],"tags":[],"class_list":["post-8884","post","type-post","status-publish","format-standard","has-post-thumbnail","hentry","category-politica"],"jetpack_featured_media_url":"https:\/\/www.tribunanf.com.br\/blogdoralfereis\/wp-content\/uploads\/sites\/11\/2021\/06\/educacao.jpg","jetpack_sharing_enabled":true,"_links":{"self":[{"href":"https:\/\/www.tribunanf.com.br\/blogdoralfereis\/wp-json\/wp\/v2\/posts\/8884","targetHints":{"allow":["GET"]}}],"collection":[{"href":"https:\/\/www.tribunanf.com.br\/blogdoralfereis\/wp-json\/wp\/v2\/posts"}],"about":[{"href":"https:\/\/www.tribunanf.com.br\/blogdoralfereis\/wp-json\/wp\/v2\/types\/post"}],"author":[{"embeddable":true,"href":"https:\/\/www.tribunanf.com.br\/blogdoralfereis\/wp-json\/wp\/v2\/users\/2"}],"replies":[{"embeddable":true,"href":"https:\/\/www.tribunanf.com.br\/blogdoralfereis\/wp-json\/wp\/v2\/comments?post=8884"}],"version-history":[{"count":0,"href":"https:\/\/www.tribunanf.com.br\/blogdoralfereis\/wp-json\/wp\/v2\/posts\/8884\/revisions"}],"wp:featuredmedia":[{"embeddable":true,"href":"https:\/\/www.tribunanf.com.br\/blogdoralfereis\/wp-json\/wp\/v2\/media\/7045"}],"wp:attachment":[{"href":"https:\/\/www.tribunanf.com.br\/blogdoralfereis\/wp-json\/wp\/v2\/media?parent=8884"}],"wp:term":[{"taxonomy":"category","embeddable":true,"href":"https:\/\/www.tribunanf.com.br\/blogdoralfereis\/wp-json\/wp\/v2\/categories?post=8884"},{"taxonomy":"post_tag","embeddable":true,"href":"https:\/\/www.tribunanf.com.br\/blogdoralfereis\/wp-json\/wp\/v2\/tags?post=8884"}],"curies":[{"name":"wp","href":"https:\/\/api.w.org\/{rel}","templated":true}]}}