{"id":8839,"date":"2022-03-14T20:14:33","date_gmt":"2022-03-14T23:14:33","guid":{"rendered":"https:\/\/www.tribunanf.com.br\/blogdoralfereis\/?p=8839"},"modified":"2022-03-15T09:12:06","modified_gmt":"2022-03-15T12:12:06","slug":"ministro-ricardo-lewandowski-anula-provas-da-operacao-chequinho","status":"publish","type":"post","link":"https:\/\/www.tribunanf.com.br\/blogdoralfereis\/2022\/03\/14\/ministro-ricardo-lewandowski-anula-provas-da-operacao-chequinho\/","title":{"rendered":"Ministro Ricardo Lewandowski anula provas da opera\u00e7\u00e3o Chequinho"},"content":{"rendered":"<p><img loading=\"lazy\" decoding=\"async\" class=\"aligncenter size-full wp-image-2763\" src=\"https:\/\/www.tribunanf.com.br\/blogdoralfereis\/wp-content\/uploads\/sites\/11\/2019\/10\/ricardo.jpg\" alt=\"\" width=\"652\" height=\"408\" srcset=\"https:\/\/www.tribunanf.com.br\/blogdoralfereis\/wp-content\/uploads\/sites\/11\/2019\/10\/ricardo.jpg 652w, https:\/\/www.tribunanf.com.br\/blogdoralfereis\/wp-content\/uploads\/sites\/11\/2019\/10\/ricardo-300x188.jpg 300w\" sizes=\"auto, (max-width: 652px) 100vw, 652px\" \/><\/p>\n<p style=\"text-align: justify;\">Na decis\u00e3o que anulou a condena\u00e7\u00e3o do ex-vereador Thiago Ferrugem no \u00e2mbito da opera\u00e7\u00e3o Chequinho, o ministro Ricardo Lewandowski, do Supremo Tribunal Federal, tamb\u00e9m anulou as provas obtidas atrav\u00e9s de busca e apreens\u00e3o.<\/p>\n<p style=\"text-align: justify;\">A Opera\u00e7\u00e3o Chequinho foi deflagrada em 2016 para apurar suposta troca de votos envolvendo o programa social Cheque Cidad\u00e3o.<\/p>\n<p style=\"text-align: justify;\">\u00c0 \u00e9poca, o TRE negou o argumento da defesa que pedia per\u00edcia no material apreendido na secretaria de Desenvolvimento Social.<\/p>\n<p style=\"text-align: justify;\">Segundo a decis\u00e3o do ministro, &#8220;c<em>onstata-se que parte do material que fundamenta a condena\u00e7\u00e3o do recorrente est\u00e1 tisnado de irregularidade&#8221;.<\/em><\/p>\n<p style=\"text-align: justify;\">&#8220;..<em>.Assim, ao assentar a desnecessidade de realiza\u00e7\u00e3o de per\u00edcia para averiguar a autenticidade dos dados extra\u00eddos do computador da Secretaria Municipal de Desenvolvimento Humano e Social, o Tribunal de origem tornou <\/em><em>letra morta a imperatividade do estabelecimento e da manuten\u00e7\u00e3o da cadeia de cust\u00f3dia das provas, a revelar, por consequ\u00eancia, a impossibilidade de aferir o valor probat\u00f3rio de qualquer informa\u00e7\u00e3o obtida. Diante de tal panorama, constata-se que parte do material que fundamenta a condena\u00e7\u00e3o do recorrente est\u00e1 tisnado de irregularidade. Por <\/em><em>tal motivo a san\u00e7\u00e3o processual cab\u00edvel \u00e9 a decreta\u00e7\u00e3o de nulidade do \u00e9dito condenat\u00f3rio ante o reconhecimento da ilicitude e, na hip\u00f3tese da impossibilidade de per\u00edcia da fonte prim\u00e1ria (computador), a ser enfrentada pelo ju\u00edzo de origem, o desentranhamento da prova documental coligida a partir da busca e apreens\u00e3o, nos termos do art. 157 do CPP<\/em>&#8220;, decidiu o ministro.<\/p>\n<p>Leia a mat\u00e9ria completa em Tribuna NF:\u00a0<a href=\"https:\/\/www.tribunanf.com.br\/ministro-ricardo-lewandowski-identifica-provas-ilicitas-e-anula-processos-da-operacao-chequinho\/\">Ministro Ricardo Lewandowski identifica provas il\u00edcitas e anula processos da opera\u00e7\u00e3o Chequinho<\/a><\/p>\n<p>Leia tamb\u00e9m: <a href=\"https:\/\/www.tribunanf.com.br\/blogdoralfereis\/2022\/03\/14\/chequinho-ministro-ricardo-lewandowski-anula-condenacao-de-thiago-ferrugem\/\" target=\"_blank\" rel=\"noopener\">Chequinho: ministro Ricardo Lewandowski anula condena\u00e7\u00e3o de Thiago Ferrugem<\/a><\/p>\n","protected":false},"excerpt":{"rendered":"<p>Na decis\u00e3o que anulou a condena\u00e7\u00e3o do ex-vereador Thiago Ferrugem no \u00e2mbito da opera\u00e7\u00e3o Chequinho, o ministro Ricardo Lewandowski, do&#8230;<\/p>\n","protected":false},"author":2,"featured_media":2763,"comment_status":"open","ping_status":"open","sticky":false,"template":"","format":"standard","meta":{"colormag_page_container_layout":"default_layout","colormag_page_sidebar_layout":"default_layout","jetpack_post_was_ever_published":false,"_jetpack_newsletter_access":"","_jetpack_dont_email_post_to_subs":false,"_jetpack_newsletter_tier_id":0,"_jetpack_memberships_contains_paywalled_content":false,"_jetpack_memberships_contains_paid_content":false,"footnotes":""},"categories":[2],"tags":[],"class_list":["post-8839","post","type-post","status-publish","format-standard","has-post-thumbnail","hentry","category-politica"],"jetpack_featured_media_url":"https:\/\/www.tribunanf.com.br\/blogdoralfereis\/wp-content\/uploads\/sites\/11\/2019\/10\/ricardo.jpg","jetpack_sharing_enabled":true,"_links":{"self":[{"href":"https:\/\/www.tribunanf.com.br\/blogdoralfereis\/wp-json\/wp\/v2\/posts\/8839","targetHints":{"allow":["GET"]}}],"collection":[{"href":"https:\/\/www.tribunanf.com.br\/blogdoralfereis\/wp-json\/wp\/v2\/posts"}],"about":[{"href":"https:\/\/www.tribunanf.com.br\/blogdoralfereis\/wp-json\/wp\/v2\/types\/post"}],"author":[{"embeddable":true,"href":"https:\/\/www.tribunanf.com.br\/blogdoralfereis\/wp-json\/wp\/v2\/users\/2"}],"replies":[{"embeddable":true,"href":"https:\/\/www.tribunanf.com.br\/blogdoralfereis\/wp-json\/wp\/v2\/comments?post=8839"}],"version-history":[{"count":0,"href":"https:\/\/www.tribunanf.com.br\/blogdoralfereis\/wp-json\/wp\/v2\/posts\/8839\/revisions"}],"wp:featuredmedia":[{"embeddable":true,"href":"https:\/\/www.tribunanf.com.br\/blogdoralfereis\/wp-json\/wp\/v2\/media\/2763"}],"wp:attachment":[{"href":"https:\/\/www.tribunanf.com.br\/blogdoralfereis\/wp-json\/wp\/v2\/media?parent=8839"}],"wp:term":[{"taxonomy":"category","embeddable":true,"href":"https:\/\/www.tribunanf.com.br\/blogdoralfereis\/wp-json\/wp\/v2\/categories?post=8839"},{"taxonomy":"post_tag","embeddable":true,"href":"https:\/\/www.tribunanf.com.br\/blogdoralfereis\/wp-json\/wp\/v2\/tags?post=8839"}],"curies":[{"name":"wp","href":"https:\/\/api.w.org\/{rel}","templated":true}]}}