{"id":8836,"date":"2022-03-14T18:28:28","date_gmt":"2022-03-14T21:28:28","guid":{"rendered":"https:\/\/www.tribunanf.com.br\/blogdoralfereis\/?p=8836"},"modified":"2022-03-14T20:43:57","modified_gmt":"2022-03-14T23:43:57","slug":"chequinho-ministro-ricardo-lewandowski-anula-condenacao-de-thiago-ferrugem","status":"publish","type":"post","link":"https:\/\/www.tribunanf.com.br\/blogdoralfereis\/2022\/03\/14\/chequinho-ministro-ricardo-lewandowski-anula-condenacao-de-thiago-ferrugem\/","title":{"rendered":"Chequinho: ministro Ricardo Lewandowski anula condena\u00e7\u00e3o de Thiago Ferrugem"},"content":{"rendered":"<p><img loading=\"lazy\" decoding=\"async\" class=\"aligncenter size-full wp-image-8837\" src=\"https:\/\/www.tribunanf.com.br\/blogdoralfereis\/wp-content\/uploads\/sites\/11\/2022\/03\/Thiago-Ferrugem-Carlos-Grevi-540x360-1.jpeg\" alt=\"\" width=\"640\" height=\"427\" srcset=\"https:\/\/www.tribunanf.com.br\/blogdoralfereis\/wp-content\/uploads\/sites\/11\/2022\/03\/Thiago-Ferrugem-Carlos-Grevi-540x360-1.jpeg 640w, https:\/\/www.tribunanf.com.br\/blogdoralfereis\/wp-content\/uploads\/sites\/11\/2022\/03\/Thiago-Ferrugem-Carlos-Grevi-540x360-1-300x200.jpeg 300w\" sizes=\"auto, (max-width: 640px) 100vw, 640px\" \/><\/p>\n<p style=\"text-align: justify;\">O ministro Ricardo Lewandowski, do Supremo Tribunal Federal, anulou nessa segunda-feira (14) a condena\u00e7\u00e3o do ex-vereador Thiago Ferrugem no \u00e2mbito da opera\u00e7\u00e3o Chequinho.<\/p>\n<p style=\"text-align: justify;\">&#8220;<em>Concedida a ordem de of\u00edcio<\/em><br \/>\n<em>MIN. RICARDO LEWANDOWSKI(&#8230;) indefiro o pedido de reconsidera\u00e7\u00e3o, mas diante do constrangimento ilegal identificado acima, e ancorado no art. 192 do RISTF, concedo a ordem de habeas corpus, de of\u00edcio, apenas para determinar a anula\u00e7\u00e3o do \u00e9dito condenat\u00f3rio em rela\u00e7\u00e3o ao recorrente, nos termos da fundamenta\u00e7\u00e3o supra.&#8221;<\/em><\/p>\n<p style=\"text-align: justify;\">Ferrugem foi condenado pelo Tribunal Regional Eleitoral (TRE), em segunda inst\u00e2ncia, em\u00a02019, a tr\u00eas anos e oito meses de pris\u00e3o, substitu\u00eddos por pagamento de multa e proibi\u00e7\u00e3o de exercer cargos p\u00fablicos, por troca de votos por benef\u00edcios do programa Cheque Cidad\u00e3o na elei\u00e7\u00e3o municipal de 2016.<\/p>\n<p style=\"text-align: justify;\">A decis\u00e3o tamb\u00e9m anula as provas.<\/p>\n<p style=\"text-align: justify;\">Leia mais:\u00a0<a href=\"https:\/\/www.tribunanf.com.br\/blogdoralfereis\/2022\/03\/14\/ministro-ricardo-lewandowski-anula-provas-da-operacao-chequinho\/\">Ministro Ricardo Lewandowski anula provas da opera\u00e7\u00e3o Chequinho<\/a><\/p>\n","protected":false},"excerpt":{"rendered":"<p>O ministro Ricardo Lewandowski, do Supremo Tribunal Federal, anulou nessa segunda-feira (14) a condena\u00e7\u00e3o do ex-vereador Thiago Ferrugem no \u00e2mbito&#8230;<\/p>\n","protected":false},"author":2,"featured_media":8837,"comment_status":"open","ping_status":"open","sticky":false,"template":"","format":"standard","meta":{"colormag_page_container_layout":"default_layout","colormag_page_sidebar_layout":"default_layout","jetpack_post_was_ever_published":false,"_jetpack_newsletter_access":"","_jetpack_dont_email_post_to_subs":false,"_jetpack_newsletter_tier_id":0,"_jetpack_memberships_contains_paywalled_content":false,"_jetpack_memberships_contains_paid_content":false,"footnotes":""},"categories":[2],"tags":[],"class_list":["post-8836","post","type-post","status-publish","format-standard","has-post-thumbnail","hentry","category-politica"],"jetpack_featured_media_url":"https:\/\/www.tribunanf.com.br\/blogdoralfereis\/wp-content\/uploads\/sites\/11\/2022\/03\/Thiago-Ferrugem-Carlos-Grevi-540x360-1.jpeg","jetpack_sharing_enabled":true,"_links":{"self":[{"href":"https:\/\/www.tribunanf.com.br\/blogdoralfereis\/wp-json\/wp\/v2\/posts\/8836","targetHints":{"allow":["GET"]}}],"collection":[{"href":"https:\/\/www.tribunanf.com.br\/blogdoralfereis\/wp-json\/wp\/v2\/posts"}],"about":[{"href":"https:\/\/www.tribunanf.com.br\/blogdoralfereis\/wp-json\/wp\/v2\/types\/post"}],"author":[{"embeddable":true,"href":"https:\/\/www.tribunanf.com.br\/blogdoralfereis\/wp-json\/wp\/v2\/users\/2"}],"replies":[{"embeddable":true,"href":"https:\/\/www.tribunanf.com.br\/blogdoralfereis\/wp-json\/wp\/v2\/comments?post=8836"}],"version-history":[{"count":0,"href":"https:\/\/www.tribunanf.com.br\/blogdoralfereis\/wp-json\/wp\/v2\/posts\/8836\/revisions"}],"wp:featuredmedia":[{"embeddable":true,"href":"https:\/\/www.tribunanf.com.br\/blogdoralfereis\/wp-json\/wp\/v2\/media\/8837"}],"wp:attachment":[{"href":"https:\/\/www.tribunanf.com.br\/blogdoralfereis\/wp-json\/wp\/v2\/media?parent=8836"}],"wp:term":[{"taxonomy":"category","embeddable":true,"href":"https:\/\/www.tribunanf.com.br\/blogdoralfereis\/wp-json\/wp\/v2\/categories?post=8836"},{"taxonomy":"post_tag","embeddable":true,"href":"https:\/\/www.tribunanf.com.br\/blogdoralfereis\/wp-json\/wp\/v2\/tags?post=8836"}],"curies":[{"name":"wp","href":"https:\/\/api.w.org\/{rel}","templated":true}]}}