{"id":8806,"date":"2022-03-10T09:49:21","date_gmt":"2022-03-10T12:49:21","guid":{"rendered":"https:\/\/www.tribunanf.com.br\/blogdoralfereis\/?p=8806"},"modified":"2022-03-10T09:49:21","modified_gmt":"2022-03-10T12:49:21","slug":"chequinho-tse-certifica-transito-em-julgado-na-primeira-acao-penal","status":"publish","type":"post","link":"https:\/\/www.tribunanf.com.br\/blogdoralfereis\/2022\/03\/10\/chequinho-tse-certifica-transito-em-julgado-na-primeira-acao-penal\/","title":{"rendered":"Chequinho: TSE certifica transito em julgado na primeira a\u00e7\u00e3o penal"},"content":{"rendered":"<p><img loading=\"lazy\" decoding=\"async\" class=\"aligncenter size-large wp-image-8809\" src=\"https:\/\/www.tribunanf.com.br\/blogdoralfereis\/wp-content\/uploads\/sites\/11\/2022\/03\/3.-Operacao-Chequinho-Reproducao-1280x720-1-1024x576.jpg\" alt=\"\" width=\"800\" height=\"450\" srcset=\"https:\/\/www.tribunanf.com.br\/blogdoralfereis\/wp-content\/uploads\/sites\/11\/2022\/03\/3.-Operacao-Chequinho-Reproducao-1280x720-1-1024x576.jpg 1024w, https:\/\/www.tribunanf.com.br\/blogdoralfereis\/wp-content\/uploads\/sites\/11\/2022\/03\/3.-Operacao-Chequinho-Reproducao-1280x720-1-300x169.jpg 300w, https:\/\/www.tribunanf.com.br\/blogdoralfereis\/wp-content\/uploads\/sites\/11\/2022\/03\/3.-Operacao-Chequinho-Reproducao-1280x720-1-768x432.jpg 768w, https:\/\/www.tribunanf.com.br\/blogdoralfereis\/wp-content\/uploads\/sites\/11\/2022\/03\/3.-Operacao-Chequinho-Reproducao-1280x720-1.jpg 1280w\" sizes=\"auto, (max-width: 800px) 100vw, 800px\" \/><\/p>\n<p style=\"text-align: justify;\">O Tribunal Superior Eleitoral certificou, nesta quarta-feira (9), o transito em julgado na primeira a\u00e7\u00e3o penal da opera\u00e7\u00e3o Chequinho.<\/p>\n<p style=\"text-align: justify;\">Na primeira a\u00e7\u00e3o foram condenados os ex-vereadores Ozeias Martins e Miguelito, a ex-secret\u00e1ria de Desenvolvimento Social Ana Alice e a ex-diretora do programa Gisele.<\/p>\n<p style=\"text-align: justify;\">Por unanimidade, o TSE negou a subida do recurso para o Supremo Tribunal Federal, e determinou que autos retornem ao Tribunal Regional Eleitoral.<\/p>\n<p style=\"text-align: justify;\">Em outra frente, a defesa tentou Habeas Corpus no STF, mas foi negado por unanimidade pelo plen\u00e1rio da Corte no \u00faltimo dia 21 de fevereiro, agora pendente apenas de embargos de declara\u00e7\u00e3o. Esse foi o primeiro recurso que chegou ao plen\u00e1rio, onde todos os ministros votaram.<\/p>\n<p style=\"text-align: justify;\">N\u00e3o se sabe ainda se ser\u00e1 iniciado o cumprimento de pena ou se ainda cabe algum recurso.<\/p>\n<p style=\"text-align: justify;\">Confira o ac\u00f3rd\u00e3o: <a href=\"https:\/\/www.tribunanf.com.br\/blogdoralfereis\/wp-content\/uploads\/sites\/11\/2022\/03\/Acordao-TSE-Acao-Chequinho.pdf\">Ac\u00f3rd\u00e3o TSE- A\u00e7\u00e3o Chequinho<\/a><\/p>\n<p><img loading=\"lazy\" decoding=\"async\" class=\"aligncenter size-large wp-image-8807\" src=\"https:\/\/www.tribunanf.com.br\/blogdoralfereis\/wp-content\/uploads\/sites\/11\/2022\/03\/WhatsApp-Image-2022-03-09-at-17.15.15-1024x575.jpeg\" alt=\"\" width=\"800\" height=\"449\" srcset=\"https:\/\/www.tribunanf.com.br\/blogdoralfereis\/wp-content\/uploads\/sites\/11\/2022\/03\/WhatsApp-Image-2022-03-09-at-17.15.15-1024x575.jpeg 1024w, https:\/\/www.tribunanf.com.br\/blogdoralfereis\/wp-content\/uploads\/sites\/11\/2022\/03\/WhatsApp-Image-2022-03-09-at-17.15.15-300x169.jpeg 300w, https:\/\/www.tribunanf.com.br\/blogdoralfereis\/wp-content\/uploads\/sites\/11\/2022\/03\/WhatsApp-Image-2022-03-09-at-17.15.15-768x431.jpeg 768w, https:\/\/www.tribunanf.com.br\/blogdoralfereis\/wp-content\/uploads\/sites\/11\/2022\/03\/WhatsApp-Image-2022-03-09-at-17.15.15.jpeg 1280w\" sizes=\"auto, (max-width: 800px) 100vw, 800px\" \/><\/p>\n","protected":false},"excerpt":{"rendered":"<p>O Tribunal Superior Eleitoral certificou, nesta quarta-feira (9), o transito em julgado na primeira a\u00e7\u00e3o penal da opera\u00e7\u00e3o Chequinho. Na&#8230;<\/p>\n","protected":false},"author":2,"featured_media":8809,"comment_status":"open","ping_status":"open","sticky":false,"template":"","format":"standard","meta":{"colormag_page_container_layout":"default_layout","colormag_page_sidebar_layout":"default_layout","jetpack_post_was_ever_published":false,"_jetpack_newsletter_access":"","_jetpack_dont_email_post_to_subs":false,"_jetpack_newsletter_tier_id":0,"_jetpack_memberships_contains_paywalled_content":false,"_jetpack_memberships_contains_paid_content":false,"footnotes":""},"categories":[2],"tags":[],"class_list":["post-8806","post","type-post","status-publish","format-standard","has-post-thumbnail","hentry","category-politica"],"jetpack_featured_media_url":"https:\/\/www.tribunanf.com.br\/blogdoralfereis\/wp-content\/uploads\/sites\/11\/2022\/03\/3.-Operacao-Chequinho-Reproducao-1280x720-1.jpg","jetpack_sharing_enabled":true,"_links":{"self":[{"href":"https:\/\/www.tribunanf.com.br\/blogdoralfereis\/wp-json\/wp\/v2\/posts\/8806","targetHints":{"allow":["GET"]}}],"collection":[{"href":"https:\/\/www.tribunanf.com.br\/blogdoralfereis\/wp-json\/wp\/v2\/posts"}],"about":[{"href":"https:\/\/www.tribunanf.com.br\/blogdoralfereis\/wp-json\/wp\/v2\/types\/post"}],"author":[{"embeddable":true,"href":"https:\/\/www.tribunanf.com.br\/blogdoralfereis\/wp-json\/wp\/v2\/users\/2"}],"replies":[{"embeddable":true,"href":"https:\/\/www.tribunanf.com.br\/blogdoralfereis\/wp-json\/wp\/v2\/comments?post=8806"}],"version-history":[{"count":0,"href":"https:\/\/www.tribunanf.com.br\/blogdoralfereis\/wp-json\/wp\/v2\/posts\/8806\/revisions"}],"wp:featuredmedia":[{"embeddable":true,"href":"https:\/\/www.tribunanf.com.br\/blogdoralfereis\/wp-json\/wp\/v2\/media\/8809"}],"wp:attachment":[{"href":"https:\/\/www.tribunanf.com.br\/blogdoralfereis\/wp-json\/wp\/v2\/media?parent=8806"}],"wp:term":[{"taxonomy":"category","embeddable":true,"href":"https:\/\/www.tribunanf.com.br\/blogdoralfereis\/wp-json\/wp\/v2\/categories?post=8806"},{"taxonomy":"post_tag","embeddable":true,"href":"https:\/\/www.tribunanf.com.br\/blogdoralfereis\/wp-json\/wp\/v2\/tags?post=8806"}],"curies":[{"name":"wp","href":"https:\/\/api.w.org\/{rel}","templated":true}]}}