{"id":8803,"date":"2022-03-09T21:04:34","date_gmt":"2022-03-10T00:04:34","guid":{"rendered":"https:\/\/www.tribunanf.com.br\/blogdoralfereis\/?p=8803"},"modified":"2022-03-09T21:04:34","modified_gmt":"2022-03-10T00:04:34","slug":"stf-rejeita-rediscutir-inelegibilidade-da-lei-da-ficha-limpa","status":"publish","type":"post","link":"https:\/\/www.tribunanf.com.br\/blogdoralfereis\/2022\/03\/09\/stf-rejeita-rediscutir-inelegibilidade-da-lei-da-ficha-limpa\/","title":{"rendered":"STF rejeita rediscutir inelegibilidade da Lei da Ficha Limpa"},"content":{"rendered":"<p><img loading=\"lazy\" decoding=\"async\" class=\"aligncenter size-large wp-image-8804\" src=\"https:\/\/www.tribunanf.com.br\/blogdoralfereis\/wp-content\/uploads\/sites\/11\/2022\/03\/bancoImagemSco_AP_483075_Easy-Resize.com_-1024x590.jpg\" alt=\"\" width=\"800\" height=\"461\" srcset=\"https:\/\/www.tribunanf.com.br\/blogdoralfereis\/wp-content\/uploads\/sites\/11\/2022\/03\/bancoImagemSco_AP_483075_Easy-Resize.com_-1024x590.jpg 1024w, https:\/\/www.tribunanf.com.br\/blogdoralfereis\/wp-content\/uploads\/sites\/11\/2022\/03\/bancoImagemSco_AP_483075_Easy-Resize.com_-300x173.jpg 300w, https:\/\/www.tribunanf.com.br\/blogdoralfereis\/wp-content\/uploads\/sites\/11\/2022\/03\/bancoImagemSco_AP_483075_Easy-Resize.com_-768x442.jpg 768w, https:\/\/www.tribunanf.com.br\/blogdoralfereis\/wp-content\/uploads\/sites\/11\/2022\/03\/bancoImagemSco_AP_483075_Easy-Resize.com_.jpg 1280w\" sizes=\"auto, (max-width: 800px) 100vw, 800px\" \/><\/p>\n<p style=\"text-align: justify;\">Por maioria de votos, o Supremo Tribunal Federal (STF) julgou invi\u00e1vel (n\u00e3o conheceu) a A\u00e7\u00e3o Direta de Inconstitucionalidade (ADI) 6630, em que o Partido Democr\u00e1tico Trabalhista (PDT) questionava a express\u00e3o &#8220;ap\u00f3s o cumprimento de pena&#8221; em dispositivo da Lei das Inelegibilidades (LC 64\/1990), com reda\u00e7\u00e3o dada pela Lei da Ficha Limpa (LC 135\/2010). O dispositivo fixa o prazo de oito anos de inelegibilidade, ap\u00f3s o cumprimento da pena, para quem for condenado em decis\u00e3o definitiva ou proferida por \u00f3rg\u00e3o judicial colegiado, nos casos elencados na lei.<\/p>\n<p style=\"text-align: justify;\">Os ministros aplicaram jurisprud\u00eancia da Corte que considera inadmiss\u00edvel a\u00e7\u00e3o de controle de constitucionalidade contra norma j\u00e1 julgada constitucional sem que tenha havido altera\u00e7\u00f5es f\u00e1ticas ou jur\u00eddicas relevantes que justifiquem a rediscuss\u00e3o do tema. No caso, o colegiado entendeu que a a\u00e7\u00e3o do PDT pretendia rediscutir a validade de dispositivo da Lei da Ficha Limpa declarado constitucional pelo STF no julgamento das A\u00e7\u00f5es Declarat\u00f3rias de Constitucionalidade (ADCs) 29 e 30 e da ADI 4578.<\/p>\n<p style=\"text-align: justify;\">A decis\u00e3o derruba liminar concedida pelo relator, ministro Nunes Marques, que havia suspendido a efic\u00e1cia do trecho da lei.<\/p>\n<p style=\"text-align: justify;\"><strong>Rediscuss\u00e3o<\/strong><\/p>\n<p style=\"text-align: justify;\">Prevaleceu, no julgamento, o voto do ministro Alexandre de Moraes. Ele observou que, quando declarou a validade da Lei da Ficha Limpa, o STF entendeu que o prazo previsto no dispositivo \u00e9 uma op\u00e7\u00e3o pol\u00edtica legislativa para garantir a efetividade das normas relativas \u00e0 moralidade administrativa, \u00e0 idoneidade e \u00e0 legitimidade dos processos eleitorais. Sua rediscuss\u00e3o, a seu ver, poderia resultar no afastamento da inelegibilidade, em alguns casos.<\/p>\n<p style=\"text-align: justify;\">Acompanharam esse entendimento as ministras C\u00e1rmen L\u00facia e Rosa Weber e os ministros Edson Fachin, Ricardo Lewandowski e Luiz Fux.<\/p>\n<p style=\"text-align: justify;\">Ficaram vencidos os ministros Nunes Marques, Lu\u00eds Roberto Barroso, Andr\u00e9 Mendon\u00e7a e Gilmar Mendes, que votaram pelo conhecimento da a\u00e7\u00e3o. Segundo Barroso, a Lei da Ficha Limpa foi examinada pelo STF em 2012, logo depois da sua promulga\u00e7\u00e3o, e \u00e9 razo\u00e1vel que o tribunal verifique, ao longo do tempo, se ela pode produzir resultados injustos ou incompat\u00edveis com a Constitui\u00e7\u00e3o Federal.<\/p>\n","protected":false},"excerpt":{"rendered":"<p>Por maioria de votos, o Supremo Tribunal Federal (STF) julgou invi\u00e1vel (n\u00e3o conheceu) a A\u00e7\u00e3o Direta de Inconstitucionalidade (ADI) 6630,&#8230;<\/p>\n","protected":false},"author":2,"featured_media":8804,"comment_status":"open","ping_status":"open","sticky":false,"template":"","format":"standard","meta":{"colormag_page_container_layout":"default_layout","colormag_page_sidebar_layout":"default_layout","jetpack_post_was_ever_published":false,"_jetpack_newsletter_access":"","_jetpack_dont_email_post_to_subs":false,"_jetpack_newsletter_tier_id":0,"_jetpack_memberships_contains_paywalled_content":false,"_jetpack_memberships_contains_paid_content":false,"footnotes":""},"categories":[2],"tags":[],"class_list":["post-8803","post","type-post","status-publish","format-standard","has-post-thumbnail","hentry","category-politica"],"jetpack_featured_media_url":"https:\/\/www.tribunanf.com.br\/blogdoralfereis\/wp-content\/uploads\/sites\/11\/2022\/03\/bancoImagemSco_AP_483075_Easy-Resize.com_.jpg","jetpack_sharing_enabled":true,"_links":{"self":[{"href":"https:\/\/www.tribunanf.com.br\/blogdoralfereis\/wp-json\/wp\/v2\/posts\/8803","targetHints":{"allow":["GET"]}}],"collection":[{"href":"https:\/\/www.tribunanf.com.br\/blogdoralfereis\/wp-json\/wp\/v2\/posts"}],"about":[{"href":"https:\/\/www.tribunanf.com.br\/blogdoralfereis\/wp-json\/wp\/v2\/types\/post"}],"author":[{"embeddable":true,"href":"https:\/\/www.tribunanf.com.br\/blogdoralfereis\/wp-json\/wp\/v2\/users\/2"}],"replies":[{"embeddable":true,"href":"https:\/\/www.tribunanf.com.br\/blogdoralfereis\/wp-json\/wp\/v2\/comments?post=8803"}],"version-history":[{"count":0,"href":"https:\/\/www.tribunanf.com.br\/blogdoralfereis\/wp-json\/wp\/v2\/posts\/8803\/revisions"}],"wp:featuredmedia":[{"embeddable":true,"href":"https:\/\/www.tribunanf.com.br\/blogdoralfereis\/wp-json\/wp\/v2\/media\/8804"}],"wp:attachment":[{"href":"https:\/\/www.tribunanf.com.br\/blogdoralfereis\/wp-json\/wp\/v2\/media?parent=8803"}],"wp:term":[{"taxonomy":"category","embeddable":true,"href":"https:\/\/www.tribunanf.com.br\/blogdoralfereis\/wp-json\/wp\/v2\/categories?post=8803"},{"taxonomy":"post_tag","embeddable":true,"href":"https:\/\/www.tribunanf.com.br\/blogdoralfereis\/wp-json\/wp\/v2\/tags?post=8803"}],"curies":[{"name":"wp","href":"https:\/\/api.w.org\/{rel}","templated":true}]}}