{"id":8744,"date":"2022-02-24T19:58:03","date_gmt":"2022-02-24T22:58:03","guid":{"rendered":"https:\/\/www.tribunanf.com.br\/blogdoralfereis\/?p=8744"},"modified":"2022-02-24T19:58:03","modified_gmt":"2022-02-24T22:58:03","slug":"mesa-diretora-da-camara-campos-anula-eleicao-que-elegeu-marquinho-bacellar-para-presidente","status":"publish","type":"post","link":"https:\/\/www.tribunanf.com.br\/blogdoralfereis\/2022\/02\/24\/mesa-diretora-da-camara-campos-anula-eleicao-que-elegeu-marquinho-bacellar-para-presidente\/","title":{"rendered":"Mesa diretora da C\u00e2mara Campos anula elei\u00e7\u00e3o que elegeu Marquinho Bacellar para presidente"},"content":{"rendered":"<p><img loading=\"lazy\" decoding=\"async\" class=\"aligncenter size-large wp-image-463\" src=\"https:\/\/www.tribunanf.com.br\/blogdoralfereis\/wp-content\/uploads\/sites\/11\/2018\/07\/Camara-campos-1024x680.jpg\" alt=\"\" width=\"800\" height=\"531\" srcset=\"https:\/\/www.tribunanf.com.br\/blogdoralfereis\/wp-content\/uploads\/sites\/11\/2018\/07\/Camara-campos-1024x680.jpg 1024w, https:\/\/www.tribunanf.com.br\/blogdoralfereis\/wp-content\/uploads\/sites\/11\/2018\/07\/Camara-campos-300x199.jpg 300w, https:\/\/www.tribunanf.com.br\/blogdoralfereis\/wp-content\/uploads\/sites\/11\/2018\/07\/Camara-campos-768x510.jpg 768w, https:\/\/www.tribunanf.com.br\/blogdoralfereis\/wp-content\/uploads\/sites\/11\/2018\/07\/Camara-campos.jpg 1600w\" sizes=\"auto, (max-width: 800px) 100vw, 800px\" \/><\/p>\n<p style=\"text-align: justify;\">A elei\u00e7\u00e3o que elegeu o vereador Marquinho Barcellar presidente do legislativo para o bi\u00eanio 2023\/2024 ganhou mais um cap\u00edtulo nesta quinta-feira (24). A mesa diretora acatou recurso de vereadores da bancada governista e anulou o resultado da elei\u00e7\u00e3o por suposta falha na contagem dos votos.<\/p>\n<p style=\"text-align: justify;\">Os vereadores governistas argumentaram que o vereador Nildo Cardoso n\u00e3o foi chamado para votar.<\/p>\n<p style=\"text-align: justify;\">O vereador de oposi\u00e7\u00e3o Marquinho Bacellar foi eleito presidente no \u00faltimo dia 15 de fevereiro por 13 votos a 12 contra o atual chefe do legislativo F\u00e1bio Ribeiro. A elei\u00e7\u00e3o que poderia acontecer at\u00e9 dezembro foi antecipada por F\u00e1bio.<\/p>\n<p style=\"text-align: justify;\">Ainda n\u00e3o foi divulgado quando ser\u00e1 a nova vota\u00e7\u00e3o.<\/p>\n<p style=\"text-align: justify;\">Confira o parecer:<\/p>\n<p><img loading=\"lazy\" decoding=\"async\" class=\"aligncenter size-large wp-image-8745\" src=\"https:\/\/www.tribunanf.com.br\/blogdoralfereis\/wp-content\/uploads\/sites\/11\/2022\/02\/19e7f28e971a4efbaa79e5895e73bdc9-0001-724x1024.jpg\" alt=\"\" width=\"724\" height=\"1024\" srcset=\"https:\/\/www.tribunanf.com.br\/blogdoralfereis\/wp-content\/uploads\/sites\/11\/2022\/02\/19e7f28e971a4efbaa79e5895e73bdc9-0001-724x1024.jpg 724w, https:\/\/www.tribunanf.com.br\/blogdoralfereis\/wp-content\/uploads\/sites\/11\/2022\/02\/19e7f28e971a4efbaa79e5895e73bdc9-0001-212x300.jpg 212w, https:\/\/www.tribunanf.com.br\/blogdoralfereis\/wp-content\/uploads\/sites\/11\/2022\/02\/19e7f28e971a4efbaa79e5895e73bdc9-0001-768x1087.jpg 768w, https:\/\/www.tribunanf.com.br\/blogdoralfereis\/wp-content\/uploads\/sites\/11\/2022\/02\/19e7f28e971a4efbaa79e5895e73bdc9-0001-1086x1536.jpg 1086w, https:\/\/www.tribunanf.com.br\/blogdoralfereis\/wp-content\/uploads\/sites\/11\/2022\/02\/19e7f28e971a4efbaa79e5895e73bdc9-0001-1447x2048.jpg 1447w, https:\/\/www.tribunanf.com.br\/blogdoralfereis\/wp-content\/uploads\/sites\/11\/2022\/02\/19e7f28e971a4efbaa79e5895e73bdc9-0001-scaled.jpg 1809w\" sizes=\"auto, (max-width: 724px) 100vw, 724px\" \/> <img loading=\"lazy\" decoding=\"async\" class=\"aligncenter size-large wp-image-8746\" src=\"https:\/\/www.tribunanf.com.br\/blogdoralfereis\/wp-content\/uploads\/sites\/11\/2022\/02\/19e7f28e971a4efbaa79e5895e73bdc9-0002-724x1024.jpg\" alt=\"\" width=\"724\" height=\"1024\" srcset=\"https:\/\/www.tribunanf.com.br\/blogdoralfereis\/wp-content\/uploads\/sites\/11\/2022\/02\/19e7f28e971a4efbaa79e5895e73bdc9-0002-724x1024.jpg 724w, https:\/\/www.tribunanf.com.br\/blogdoralfereis\/wp-content\/uploads\/sites\/11\/2022\/02\/19e7f28e971a4efbaa79e5895e73bdc9-0002-212x300.jpg 212w, https:\/\/www.tribunanf.com.br\/blogdoralfereis\/wp-content\/uploads\/sites\/11\/2022\/02\/19e7f28e971a4efbaa79e5895e73bdc9-0002-768x1087.jpg 768w, https:\/\/www.tribunanf.com.br\/blogdoralfereis\/wp-content\/uploads\/sites\/11\/2022\/02\/19e7f28e971a4efbaa79e5895e73bdc9-0002-1086x1536.jpg 1086w, https:\/\/www.tribunanf.com.br\/blogdoralfereis\/wp-content\/uploads\/sites\/11\/2022\/02\/19e7f28e971a4efbaa79e5895e73bdc9-0002-1447x2048.jpg 1447w, https:\/\/www.tribunanf.com.br\/blogdoralfereis\/wp-content\/uploads\/sites\/11\/2022\/02\/19e7f28e971a4efbaa79e5895e73bdc9-0002-scaled.jpg 1809w\" sizes=\"auto, (max-width: 724px) 100vw, 724px\" \/> <img loading=\"lazy\" decoding=\"async\" class=\"aligncenter size-large wp-image-8747\" src=\"https:\/\/www.tribunanf.com.br\/blogdoralfereis\/wp-content\/uploads\/sites\/11\/2022\/02\/19e7f28e971a4efbaa79e5895e73bdc9-0003-724x1024.jpg\" alt=\"\" width=\"724\" height=\"1024\" srcset=\"https:\/\/www.tribunanf.com.br\/blogdoralfereis\/wp-content\/uploads\/sites\/11\/2022\/02\/19e7f28e971a4efbaa79e5895e73bdc9-0003-724x1024.jpg 724w, https:\/\/www.tribunanf.com.br\/blogdoralfereis\/wp-content\/uploads\/sites\/11\/2022\/02\/19e7f28e971a4efbaa79e5895e73bdc9-0003-212x300.jpg 212w, https:\/\/www.tribunanf.com.br\/blogdoralfereis\/wp-content\/uploads\/sites\/11\/2022\/02\/19e7f28e971a4efbaa79e5895e73bdc9-0003-768x1087.jpg 768w, https:\/\/www.tribunanf.com.br\/blogdoralfereis\/wp-content\/uploads\/sites\/11\/2022\/02\/19e7f28e971a4efbaa79e5895e73bdc9-0003-1086x1536.jpg 1086w, https:\/\/www.tribunanf.com.br\/blogdoralfereis\/wp-content\/uploads\/sites\/11\/2022\/02\/19e7f28e971a4efbaa79e5895e73bdc9-0003-1447x2048.jpg 1447w, https:\/\/www.tribunanf.com.br\/blogdoralfereis\/wp-content\/uploads\/sites\/11\/2022\/02\/19e7f28e971a4efbaa79e5895e73bdc9-0003-scaled.jpg 1809w\" sizes=\"auto, (max-width: 724px) 100vw, 724px\" \/><\/p>\n","protected":false},"excerpt":{"rendered":"<p>A elei\u00e7\u00e3o que elegeu o vereador Marquinho Barcellar presidente do legislativo para o bi\u00eanio 2023\/2024 ganhou mais um cap\u00edtulo nesta&#8230;<\/p>\n","protected":false},"author":2,"featured_media":463,"comment_status":"open","ping_status":"open","sticky":false,"template":"","format":"standard","meta":{"colormag_page_container_layout":"default_layout","colormag_page_sidebar_layout":"default_layout","jetpack_post_was_ever_published":false,"_jetpack_newsletter_access":"","_jetpack_dont_email_post_to_subs":false,"_jetpack_newsletter_tier_id":0,"_jetpack_memberships_contains_paywalled_content":false,"_jetpack_memberships_contains_paid_content":false,"footnotes":""},"categories":[2],"tags":[],"class_list":["post-8744","post","type-post","status-publish","format-standard","has-post-thumbnail","hentry","category-politica"],"jetpack_featured_media_url":"https:\/\/www.tribunanf.com.br\/blogdoralfereis\/wp-content\/uploads\/sites\/11\/2018\/07\/Camara-campos.jpg","jetpack_sharing_enabled":true,"_links":{"self":[{"href":"https:\/\/www.tribunanf.com.br\/blogdoralfereis\/wp-json\/wp\/v2\/posts\/8744","targetHints":{"allow":["GET"]}}],"collection":[{"href":"https:\/\/www.tribunanf.com.br\/blogdoralfereis\/wp-json\/wp\/v2\/posts"}],"about":[{"href":"https:\/\/www.tribunanf.com.br\/blogdoralfereis\/wp-json\/wp\/v2\/types\/post"}],"author":[{"embeddable":true,"href":"https:\/\/www.tribunanf.com.br\/blogdoralfereis\/wp-json\/wp\/v2\/users\/2"}],"replies":[{"embeddable":true,"href":"https:\/\/www.tribunanf.com.br\/blogdoralfereis\/wp-json\/wp\/v2\/comments?post=8744"}],"version-history":[{"count":0,"href":"https:\/\/www.tribunanf.com.br\/blogdoralfereis\/wp-json\/wp\/v2\/posts\/8744\/revisions"}],"wp:featuredmedia":[{"embeddable":true,"href":"https:\/\/www.tribunanf.com.br\/blogdoralfereis\/wp-json\/wp\/v2\/media\/463"}],"wp:attachment":[{"href":"https:\/\/www.tribunanf.com.br\/blogdoralfereis\/wp-json\/wp\/v2\/media?parent=8744"}],"wp:term":[{"taxonomy":"category","embeddable":true,"href":"https:\/\/www.tribunanf.com.br\/blogdoralfereis\/wp-json\/wp\/v2\/categories?post=8744"},{"taxonomy":"post_tag","embeddable":true,"href":"https:\/\/www.tribunanf.com.br\/blogdoralfereis\/wp-json\/wp\/v2\/tags?post=8744"}],"curies":[{"name":"wp","href":"https:\/\/api.w.org\/{rel}","templated":true}]}}