{"id":8716,"date":"2022-02-19T11:24:11","date_gmt":"2022-02-19T14:24:11","guid":{"rendered":"https:\/\/www.tribunanf.com.br\/blogdoralfereis\/?p=8716"},"modified":"2022-02-19T11:25:34","modified_gmt":"2022-02-19T14:25:34","slug":"o-movimento-politico-do-pdt-psd-e-uniao-brasil-na-eleicao-estadual-do-rio","status":"publish","type":"post","link":"https:\/\/www.tribunanf.com.br\/blogdoralfereis\/2022\/02\/19\/o-movimento-politico-do-pdt-psd-e-uniao-brasil-na-eleicao-estadual-do-rio\/","title":{"rendered":"O movimento pol\u00edtico do PDT, PSD e Uni\u00e3o Brasil na elei\u00e7\u00e3o estadual do Rio"},"content":{"rendered":"<p><img loading=\"lazy\" decoding=\"async\" class=\"aligncenter size-large wp-image-8717\" src=\"https:\/\/www.tribunanf.com.br\/blogdoralfereis\/wp-content\/uploads\/sites\/11\/2022\/02\/274128535_631937107918377_3575584835049934063_n-1024x1024.jpg\" alt=\"\" width=\"800\" height=\"800\" srcset=\"https:\/\/www.tribunanf.com.br\/blogdoralfereis\/wp-content\/uploads\/sites\/11\/2022\/02\/274128535_631937107918377_3575584835049934063_n-1024x1024.jpg 1024w, https:\/\/www.tribunanf.com.br\/blogdoralfereis\/wp-content\/uploads\/sites\/11\/2022\/02\/274128535_631937107918377_3575584835049934063_n-300x300.jpg 300w, https:\/\/www.tribunanf.com.br\/blogdoralfereis\/wp-content\/uploads\/sites\/11\/2022\/02\/274128535_631937107918377_3575584835049934063_n-150x150.jpg 150w, https:\/\/www.tribunanf.com.br\/blogdoralfereis\/wp-content\/uploads\/sites\/11\/2022\/02\/274128535_631937107918377_3575584835049934063_n-768x768.jpg 768w, https:\/\/www.tribunanf.com.br\/blogdoralfereis\/wp-content\/uploads\/sites\/11\/2022\/02\/274128535_631937107918377_3575584835049934063_n.jpg 1080w\" sizes=\"auto, (max-width: 800px) 100vw, 800px\" \/><\/p>\n<p style=\"text-align: justify;\">Come\u00e7a a ser costurada uma grande alian\u00e7a entre o PDT, PSD e Uni\u00e3o Brasil para elei\u00e7\u00e3o estadual do Rio de Janeiro.<\/p>\n<p style=\"text-align: justify;\">Ontem ocorreu uma reuni\u00e3o entre o presidente do PDT, Carlos Lupi, o prefeito do Rio Eduardo Paes (PSD) e o prefeito de Belford Roxo, Waguinho (Uni\u00e3o Brasil).<\/p>\n<p style=\"text-align: justify;\">As tr\u00eas poderosas siglas j\u00e1 t\u00eam um forte candidato para concorrer contra o governador Cl\u00e1udio Castro. Falta a confirma\u00e7\u00e3o de um partido para formalizar a frente.<\/p>\n<p>Caso confirmada a alian\u00e7a, ser\u00e1 uma elei\u00e7\u00e3o bem emocionante.<\/p>\n","protected":false},"excerpt":{"rendered":"<p>Come\u00e7a a ser costurada uma grande alian\u00e7a entre o PDT, PSD e Uni\u00e3o Brasil para elei\u00e7\u00e3o estadual do Rio de&#8230;<\/p>\n","protected":false},"author":2,"featured_media":8717,"comment_status":"open","ping_status":"open","sticky":false,"template":"","format":"standard","meta":{"colormag_page_container_layout":"default_layout","colormag_page_sidebar_layout":"default_layout","jetpack_post_was_ever_published":false,"_jetpack_newsletter_access":"","_jetpack_dont_email_post_to_subs":false,"_jetpack_newsletter_tier_id":0,"_jetpack_memberships_contains_paywalled_content":false,"_jetpack_memberships_contains_paid_content":false,"footnotes":""},"categories":[2],"tags":[],"class_list":["post-8716","post","type-post","status-publish","format-standard","has-post-thumbnail","hentry","category-politica"],"jetpack_featured_media_url":"https:\/\/www.tribunanf.com.br\/blogdoralfereis\/wp-content\/uploads\/sites\/11\/2022\/02\/274128535_631937107918377_3575584835049934063_n.jpg","jetpack_sharing_enabled":true,"_links":{"self":[{"href":"https:\/\/www.tribunanf.com.br\/blogdoralfereis\/wp-json\/wp\/v2\/posts\/8716","targetHints":{"allow":["GET"]}}],"collection":[{"href":"https:\/\/www.tribunanf.com.br\/blogdoralfereis\/wp-json\/wp\/v2\/posts"}],"about":[{"href":"https:\/\/www.tribunanf.com.br\/blogdoralfereis\/wp-json\/wp\/v2\/types\/post"}],"author":[{"embeddable":true,"href":"https:\/\/www.tribunanf.com.br\/blogdoralfereis\/wp-json\/wp\/v2\/users\/2"}],"replies":[{"embeddable":true,"href":"https:\/\/www.tribunanf.com.br\/blogdoralfereis\/wp-json\/wp\/v2\/comments?post=8716"}],"version-history":[{"count":0,"href":"https:\/\/www.tribunanf.com.br\/blogdoralfereis\/wp-json\/wp\/v2\/posts\/8716\/revisions"}],"wp:featuredmedia":[{"embeddable":true,"href":"https:\/\/www.tribunanf.com.br\/blogdoralfereis\/wp-json\/wp\/v2\/media\/8717"}],"wp:attachment":[{"href":"https:\/\/www.tribunanf.com.br\/blogdoralfereis\/wp-json\/wp\/v2\/media?parent=8716"}],"wp:term":[{"taxonomy":"category","embeddable":true,"href":"https:\/\/www.tribunanf.com.br\/blogdoralfereis\/wp-json\/wp\/v2\/categories?post=8716"},{"taxonomy":"post_tag","embeddable":true,"href":"https:\/\/www.tribunanf.com.br\/blogdoralfereis\/wp-json\/wp\/v2\/tags?post=8716"}],"curies":[{"name":"wp","href":"https:\/\/api.w.org\/{rel}","templated":true}]}}