{"id":8669,"date":"2022-02-15T14:10:13","date_gmt":"2022-02-15T17:10:13","guid":{"rendered":"https:\/\/www.tribunanf.com.br\/blogdoralfereis\/?p=8669"},"modified":"2022-02-15T15:17:33","modified_gmt":"2022-02-15T18:17:33","slug":"faltam-os-contratos-no-portal-da-transparencia-da-camara-de-campos","status":"publish","type":"post","link":"https:\/\/www.tribunanf.com.br\/blogdoralfereis\/2022\/02\/15\/faltam-os-contratos-no-portal-da-transparencia-da-camara-de-campos\/","title":{"rendered":"Faltam os contratos no Portal da Transpar\u00eancia da C\u00e2mara de Campos"},"content":{"rendered":"<p><img loading=\"lazy\" decoding=\"async\" class=\"aligncenter size-large wp-image-463\" src=\"https:\/\/www.tribunanf.com.br\/blogdoralfereis\/wp-content\/uploads\/sites\/11\/2018\/07\/Camara-campos-1024x680.jpg\" alt=\"\" width=\"800\" height=\"531\" srcset=\"https:\/\/www.tribunanf.com.br\/blogdoralfereis\/wp-content\/uploads\/sites\/11\/2018\/07\/Camara-campos-1024x680.jpg 1024w, https:\/\/www.tribunanf.com.br\/blogdoralfereis\/wp-content\/uploads\/sites\/11\/2018\/07\/Camara-campos-300x199.jpg 300w, https:\/\/www.tribunanf.com.br\/blogdoralfereis\/wp-content\/uploads\/sites\/11\/2018\/07\/Camara-campos-768x510.jpg 768w, https:\/\/www.tribunanf.com.br\/blogdoralfereis\/wp-content\/uploads\/sites\/11\/2018\/07\/Camara-campos.jpg 1600w\" sizes=\"auto, (max-width: 800px) 100vw, 800px\" \/><\/p>\n<p style=\"text-align: justify;\">Em nova busca no Portal da Transpar\u00eancia da C\u00e2mara de Campos dos Goytacazes, n\u00e3o \u00e9 poss\u00edvel encontrar os contratos celebrados entre o legislativo e fornecedores. Ou se tem, encontra-se em local de dif\u00edcil acesso.<\/p>\n<p style=\"text-align: justify;\">Em 2018, conforme publicamos diversas vezes a falta de transpar\u00eancia, o Minist\u00e9rio P\u00fablico chegou a abrir inqu\u00e9rito civil na gest\u00e3o de Marc\u00e3o para regulariza\u00e7\u00e3o do Portal da Transpar\u00eancia, o que veio acontecer j\u00e1 na gest\u00e3o de Fred Machado.<\/p>\n<p style=\"text-align: justify;\">De repente, algumas informa\u00e7\u00f5es j\u00e1 n\u00e3o constam mais no Portal da Transpar\u00eancia.<\/p>\n<p style=\"text-align: justify;\">Relembre o caso: <strong><a href=\"https:\/\/www.tribunanf.com.br\/blogdoralfereis\/2019\/10\/20\/apos-pic-mp-abre-inquerito-civil-para-investigar-a-camara-de-campos\/\">Ap\u00f3s \u201cPIC\u201d, MP abre Inqu\u00e9rito Civil para investigar \u00e0 C\u00e2mara de Campos<\/a><\/strong><\/p>\n","protected":false},"excerpt":{"rendered":"<p>Em nova busca no Portal da Transpar\u00eancia da C\u00e2mara de Campos dos Goytacazes, n\u00e3o \u00e9 poss\u00edvel encontrar os contratos celebrados&#8230;<\/p>\n","protected":false},"author":2,"featured_media":463,"comment_status":"open","ping_status":"open","sticky":false,"template":"","format":"standard","meta":{"colormag_page_container_layout":"default_layout","colormag_page_sidebar_layout":"default_layout","jetpack_post_was_ever_published":false,"_jetpack_newsletter_access":"","_jetpack_dont_email_post_to_subs":false,"_jetpack_newsletter_tier_id":0,"_jetpack_memberships_contains_paywalled_content":false,"_jetpack_memberships_contains_paid_content":false,"footnotes":""},"categories":[2],"tags":[],"class_list":["post-8669","post","type-post","status-publish","format-standard","has-post-thumbnail","hentry","category-politica"],"jetpack_featured_media_url":"https:\/\/www.tribunanf.com.br\/blogdoralfereis\/wp-content\/uploads\/sites\/11\/2018\/07\/Camara-campos.jpg","jetpack_sharing_enabled":true,"_links":{"self":[{"href":"https:\/\/www.tribunanf.com.br\/blogdoralfereis\/wp-json\/wp\/v2\/posts\/8669","targetHints":{"allow":["GET"]}}],"collection":[{"href":"https:\/\/www.tribunanf.com.br\/blogdoralfereis\/wp-json\/wp\/v2\/posts"}],"about":[{"href":"https:\/\/www.tribunanf.com.br\/blogdoralfereis\/wp-json\/wp\/v2\/types\/post"}],"author":[{"embeddable":true,"href":"https:\/\/www.tribunanf.com.br\/blogdoralfereis\/wp-json\/wp\/v2\/users\/2"}],"replies":[{"embeddable":true,"href":"https:\/\/www.tribunanf.com.br\/blogdoralfereis\/wp-json\/wp\/v2\/comments?post=8669"}],"version-history":[{"count":0,"href":"https:\/\/www.tribunanf.com.br\/blogdoralfereis\/wp-json\/wp\/v2\/posts\/8669\/revisions"}],"wp:featuredmedia":[{"embeddable":true,"href":"https:\/\/www.tribunanf.com.br\/blogdoralfereis\/wp-json\/wp\/v2\/media\/463"}],"wp:attachment":[{"href":"https:\/\/www.tribunanf.com.br\/blogdoralfereis\/wp-json\/wp\/v2\/media?parent=8669"}],"wp:term":[{"taxonomy":"category","embeddable":true,"href":"https:\/\/www.tribunanf.com.br\/blogdoralfereis\/wp-json\/wp\/v2\/categories?post=8669"},{"taxonomy":"post_tag","embeddable":true,"href":"https:\/\/www.tribunanf.com.br\/blogdoralfereis\/wp-json\/wp\/v2\/tags?post=8669"}],"curies":[{"name":"wp","href":"https:\/\/api.w.org\/{rel}","templated":true}]}}