{"id":8660,"date":"2022-02-14T17:44:56","date_gmt":"2022-02-14T20:44:56","guid":{"rendered":"https:\/\/www.tribunanf.com.br\/blogdoralfereis\/?p=8660"},"modified":"2022-02-14T17:46:22","modified_gmt":"2022-02-14T20:46:22","slug":"tce-suspende-licitacao-de-obras-de-manutencao-de-drenagem-e-pavimentacao-de-vias-de-campos","status":"publish","type":"post","link":"https:\/\/www.tribunanf.com.br\/blogdoralfereis\/2022\/02\/14\/tce-suspende-licitacao-de-obras-de-manutencao-de-drenagem-e-pavimentacao-de-vias-de-campos\/","title":{"rendered":"TCE suspende licita\u00e7\u00e3o de obras de manuten\u00e7\u00e3o de drenagem e pavimenta\u00e7\u00e3o de vias de Campos"},"content":{"rendered":"<p><img loading=\"lazy\" decoding=\"async\" class=\"aligncenter size-large wp-image-7440\" src=\"https:\/\/www.tribunanf.com.br\/blogdoralfereis\/wp-content\/uploads\/sites\/11\/2021\/08\/prefeitura-campos-1024x682.jpg\" alt=\"\" width=\"800\" height=\"533\" \/><\/p>\n<p style=\"text-align: justify;\">A conselheira Andrea Siqueira Martins, do Tribunal de Contas do Estado, suspendeu a licita\u00e7\u00e3o da Prefeitura de Campos para eventual presta\u00e7\u00e3o de servi\u00e7os de manuten\u00e7\u00e3o em redes de drenagem, restaura\u00e7\u00e3o de pavimenta\u00e7\u00e3o em vias e logradouros p\u00fablicos, pavimentados e n\u00e3o pavimentados, no valor total estimado de R$ 58.728.189,35.<\/p>\n<p style=\"text-align: justify;\">Segundo a decis\u00e3o da conselheira, &#8220;<em>A laboriosa Coordenadoria de Auditoria de Pol\u00edticas em Mobilidade e Urbanismo (CAD-MOBILIDADE), em sede de rotina fiscalizat\u00f3ria, realizada mediante consulta no s\u00edtio eletr\u00f4nico1 do ente federativo, identificou a divulga\u00e7\u00e3o do aludido torneio licitat\u00f3rio, cadastrado no sistema informatizado desta Corte (SIGFIS\/Portal BI) sob o protocolo n\u00ba 403.542-1\/2022, ocasi\u00e3o em que, ap\u00f3s detida an\u00e1lise, constatou a presen\u00e7a de irregularidades e inconsist\u00eancias capazes de restringir o car\u00e1ter competitivo do certame (art. 3\u00ba, \u00a71\u00ba, I da Lei 8666\/1993) e a obten\u00e7\u00e3o da proposta mais vantajosa para a Administra\u00e7\u00e3o P\u00fablica&#8221;.<\/em><\/p>\n<p style=\"text-align: justify;\">A conselheira decidiu:<\/p>\n<p style=\"text-align: justify;\"><em>&#8220;1. Pela CONCESS\u00c3O DA TUTELA PROVIS\u00d3RIA pleiteada, determinando se \u00e0 Prefeitura de Campos dos Goytacazes a imediata suspens\u00e3o da Concorr\u00eancia P\u00fablica SRP 001\/2022, abstendo-se de adjudicar o objeto licitado, homologar o <\/em><em>procedimento, bem como de formalizar a respectiva Ata de Registro de Pre\u00e7os decorrente da licita\u00e7\u00e3o;<\/em><\/p>\n<p style=\"text-align: justify;\"><em>2. Pela COMUNICA\u00c7\u00c3O ao atual titular do Poder Executivo de Campos dos Goytacazes, com arrimo no \u00a7 1\u00ba do artigo 26 da Regimento Interno, para que, no prazo de 15 (quinze) dias, adote as medidas abaixo elencadas ou, na sua impossibilidade, apresente as devidas justificativas ou revogue a licita\u00e7\u00e3o, mediante Errata ou aviso, dando a esta a publicidade conforme disposi\u00e7\u00f5es dos artigos 21 da Lei Federal n\u00ba 8.666\/93 e 8\u00ba da Lei Federal n\u00ba 12.527\/11:<\/em><\/p>\n<p style=\"text-align: justify;\"><em>2.a. encaminhe comprovante da suspens\u00e3o da Concorr\u00eancia P\u00fablica SRP 001\/2022; 2.b. se pronuncie acerca das impropriedades veiculadas por meio desta Representa\u00e7\u00e3o, sem preju\u00edzo de, voluntariamente e em id\u00eantico prazo, anuir em promover as altera\u00e7\u00f5es no instrumento convocat\u00f3rio, comprovando-as perante este Tribunal;<\/em><\/p>\n<p style=\"text-align: justify;\"><em>2.c. encaminhe c\u00f3pia do Decreto Municipal 342, de 16\/11\/2006, que regulamenta o Sistema de Registro de Pre\u00e7os, com as altera\u00e7\u00f5es promovidas pelo Decreto Municipal 015, de 09\/01\/2009 e demais normas que regem a mat\u00e9ria;<\/em><\/p>\n<p style=\"text-align: justify;\"><em>3. Findo o prazo, encaminhem-se os autos diretamente \u00e0 SECRETARIAGERAL DE CONTROLE EXTERNO para que, por meio de sua Coordenadoria competente, analise a resposta eventualmente apresentada pelo jurisdicionado, com <\/em><em>posterior remessa ao MINIST\u00c9RIO P\u00daBLICO DE CONTAS, nos termos do art.84-A, \u00a7 6\u00ba, do art. 84-A, do Regimento Interno deste Tribunal.&#8221;<\/em><\/p>\n<p style=\"text-align: justify;\"><strong>Confira \u00e0 \u00edntegra da decis\u00e3o: <a href=\"https:\/\/www.tribunanf.com.br\/blogdoralfereis\/wp-content\/uploads\/sites\/11\/2022\/02\/TCE-obras-drenagem.pdf\">TCE-obras drenagem<\/a><\/strong><\/p>\n","protected":false},"excerpt":{"rendered":"<p>A conselheira Andrea Siqueira Martins, do Tribunal de Contas do Estado, suspendeu a licita\u00e7\u00e3o da Prefeitura de Campos para eventual&#8230;<\/p>\n","protected":false},"author":2,"featured_media":7440,"comment_status":"open","ping_status":"open","sticky":false,"template":"","format":"standard","meta":{"colormag_page_container_layout":"default_layout","colormag_page_sidebar_layout":"default_layout","jetpack_post_was_ever_published":false,"_jetpack_newsletter_access":"","_jetpack_dont_email_post_to_subs":false,"_jetpack_newsletter_tier_id":0,"_jetpack_memberships_contains_paywalled_content":false,"_jetpack_memberships_contains_paid_content":false,"footnotes":""},"categories":[2],"tags":[],"class_list":["post-8660","post","type-post","status-publish","format-standard","has-post-thumbnail","hentry","category-politica"],"jetpack_featured_media_url":"https:\/\/www.tribunanf.com.br\/blogdoralfereis\/wp-content\/uploads\/sites\/11\/2021\/08\/prefeitura-campos-e1629389961928.jpg","jetpack_sharing_enabled":true,"_links":{"self":[{"href":"https:\/\/www.tribunanf.com.br\/blogdoralfereis\/wp-json\/wp\/v2\/posts\/8660","targetHints":{"allow":["GET"]}}],"collection":[{"href":"https:\/\/www.tribunanf.com.br\/blogdoralfereis\/wp-json\/wp\/v2\/posts"}],"about":[{"href":"https:\/\/www.tribunanf.com.br\/blogdoralfereis\/wp-json\/wp\/v2\/types\/post"}],"author":[{"embeddable":true,"href":"https:\/\/www.tribunanf.com.br\/blogdoralfereis\/wp-json\/wp\/v2\/users\/2"}],"replies":[{"embeddable":true,"href":"https:\/\/www.tribunanf.com.br\/blogdoralfereis\/wp-json\/wp\/v2\/comments?post=8660"}],"version-history":[{"count":0,"href":"https:\/\/www.tribunanf.com.br\/blogdoralfereis\/wp-json\/wp\/v2\/posts\/8660\/revisions"}],"wp:featuredmedia":[{"embeddable":true,"href":"https:\/\/www.tribunanf.com.br\/blogdoralfereis\/wp-json\/wp\/v2\/media\/7440"}],"wp:attachment":[{"href":"https:\/\/www.tribunanf.com.br\/blogdoralfereis\/wp-json\/wp\/v2\/media?parent=8660"}],"wp:term":[{"taxonomy":"category","embeddable":true,"href":"https:\/\/www.tribunanf.com.br\/blogdoralfereis\/wp-json\/wp\/v2\/categories?post=8660"},{"taxonomy":"post_tag","embeddable":true,"href":"https:\/\/www.tribunanf.com.br\/blogdoralfereis\/wp-json\/wp\/v2\/tags?post=8660"}],"curies":[{"name":"wp","href":"https:\/\/api.w.org\/{rel}","templated":true}]}}