{"id":859,"date":"2018-09-13T09:06:25","date_gmt":"2018-09-13T12:06:25","guid":{"rendered":"http:\/\/www.tribunanf.com.br\/blogdoralfereis\/?p=859"},"modified":"2018-09-13T09:06:25","modified_gmt":"2018-09-13T12:06:25","slug":"ausencia-sentida","status":"publish","type":"post","link":"https:\/\/www.tribunanf.com.br\/blogdoralfereis\/2018\/09\/13\/ausencia-sentida\/","title":{"rendered":"Aus\u00eancia sentida"},"content":{"rendered":"<p><img loading=\"lazy\" decoding=\"async\" class=\"aligncenter size-full wp-image-115\" src=\"http:\/\/www.tribunanf.com.br\/blogdoralfereis\/wp-content\/uploads\/sites\/11\/2018\/06\/rafael-diniz-prefeito.jpg\" alt=\"\" width=\"738\" height=\"490\" srcset=\"https:\/\/www.tribunanf.com.br\/blogdoralfereis\/wp-content\/uploads\/sites\/11\/2018\/06\/rafael-diniz-prefeito.jpg 738w, https:\/\/www.tribunanf.com.br\/blogdoralfereis\/wp-content\/uploads\/sites\/11\/2018\/06\/rafael-diniz-prefeito-300x199.jpg 300w\" sizes=\"auto, (max-width: 738px) 100vw, 738px\" \/><\/p>\n<p style=\"text-align: justify;\">A aus\u00eancia do prefeito Rafael Diniz no festival de petiscos no Farol de S\u00e3o Thom\u00e9 foi muito sentida pela popula\u00e7\u00e3o que prestigiou o evento. Pelo menos n\u00e3o consta informa\u00e7\u00f5es no site da prefeitura sobre a visita do prefeito no local.<\/p>\n<p style=\"text-align: justify;\">O povo o aguardava para receb\u00ea-lo de forma calorosa. Por\u00e9m, o \u00faltimo ato em p\u00fablico de Rafael Diniz foi no desfile de 7 de setembro, onde foi recebido de forma carinhosa pelo povo.<\/p>\n<h2 class=\"entry-title\" style=\"text-align: justify;\"><a title=\"Rafael Diniz \u00e9 recebido com vaias no desfile de 7 de setembro\" href=\"http:\/\/www.tribunanf.com.br\/blogdoralfereis\/2018\/09\/07\/rafael-diniz-e-recebido-com-vaias-no-desfile-de-7-de-setembro\/\">*Rafael Diniz \u00e9 recebido com vaias no desfile de 7 de setembro<\/a><\/h2>\n<p style=\"text-align: justify;\">O festival de petiscos prossegue no pr\u00f3ximo fim de semana e o povo espera que o prefeito prestigie o evento. O local \u00e9 fechado mas com entrada gratuita, ambiente no qual Rafael Diniz tem prefer\u00eancia.<\/p>\n","protected":false},"excerpt":{"rendered":"<p>A aus\u00eancia do prefeito Rafael Diniz no festival de petiscos no Farol de S\u00e3o Thom\u00e9 foi muito sentida pela popula\u00e7\u00e3o&#8230;<\/p>\n","protected":false},"author":2,"featured_media":115,"comment_status":"open","ping_status":"open","sticky":false,"template":"","format":"standard","meta":{"colormag_page_container_layout":"default_layout","colormag_page_sidebar_layout":"default_layout","jetpack_post_was_ever_published":false,"_jetpack_newsletter_access":"","_jetpack_dont_email_post_to_subs":false,"_jetpack_newsletter_tier_id":0,"_jetpack_memberships_contains_paywalled_content":false,"_jetpack_memberships_contains_paid_content":false,"footnotes":""},"categories":[2],"tags":[],"class_list":["post-859","post","type-post","status-publish","format-standard","has-post-thumbnail","hentry","category-politica"],"jetpack_featured_media_url":"https:\/\/www.tribunanf.com.br\/blogdoralfereis\/wp-content\/uploads\/sites\/11\/2018\/06\/rafael-diniz-prefeito.jpg","jetpack_sharing_enabled":true,"_links":{"self":[{"href":"https:\/\/www.tribunanf.com.br\/blogdoralfereis\/wp-json\/wp\/v2\/posts\/859","targetHints":{"allow":["GET"]}}],"collection":[{"href":"https:\/\/www.tribunanf.com.br\/blogdoralfereis\/wp-json\/wp\/v2\/posts"}],"about":[{"href":"https:\/\/www.tribunanf.com.br\/blogdoralfereis\/wp-json\/wp\/v2\/types\/post"}],"author":[{"embeddable":true,"href":"https:\/\/www.tribunanf.com.br\/blogdoralfereis\/wp-json\/wp\/v2\/users\/2"}],"replies":[{"embeddable":true,"href":"https:\/\/www.tribunanf.com.br\/blogdoralfereis\/wp-json\/wp\/v2\/comments?post=859"}],"version-history":[{"count":0,"href":"https:\/\/www.tribunanf.com.br\/blogdoralfereis\/wp-json\/wp\/v2\/posts\/859\/revisions"}],"wp:featuredmedia":[{"embeddable":true,"href":"https:\/\/www.tribunanf.com.br\/blogdoralfereis\/wp-json\/wp\/v2\/media\/115"}],"wp:attachment":[{"href":"https:\/\/www.tribunanf.com.br\/blogdoralfereis\/wp-json\/wp\/v2\/media?parent=859"}],"wp:term":[{"taxonomy":"category","embeddable":true,"href":"https:\/\/www.tribunanf.com.br\/blogdoralfereis\/wp-json\/wp\/v2\/categories?post=859"},{"taxonomy":"post_tag","embeddable":true,"href":"https:\/\/www.tribunanf.com.br\/blogdoralfereis\/wp-json\/wp\/v2\/tags?post=859"}],"curies":[{"name":"wp","href":"https:\/\/api.w.org\/{rel}","templated":true}]}}