{"id":8576,"date":"2022-02-07T08:03:12","date_gmt":"2022-02-07T11:03:12","guid":{"rendered":"https:\/\/www.tribunanf.com.br\/blogdoralfereis\/?p=8576"},"modified":"2022-02-07T08:03:12","modified_gmt":"2022-02-07T11:03:12","slug":"paredao-do-das-nao-tem-padrinho-que-segure","status":"publish","type":"post","link":"https:\/\/www.tribunanf.com.br\/blogdoralfereis\/2022\/02\/07\/paredao-do-das-nao-tem-padrinho-que-segure\/","title":{"rendered":"Pared\u00e3o do DAS: n\u00e3o tem padrinho que segure"},"content":{"rendered":"<p><img loading=\"lazy\" decoding=\"async\" class=\"aligncenter size-full wp-image-8582\" src=\"https:\/\/www.tribunanf.com.br\/blogdoralfereis\/wp-content\/uploads\/sites\/11\/2022\/02\/wlad.jpeg\" alt=\"\" width=\"1024\" height=\"682\" srcset=\"https:\/\/www.tribunanf.com.br\/blogdoralfereis\/wp-content\/uploads\/sites\/11\/2022\/02\/wlad.jpeg 1024w, https:\/\/www.tribunanf.com.br\/blogdoralfereis\/wp-content\/uploads\/sites\/11\/2022\/02\/wlad-300x200.jpeg 300w, https:\/\/www.tribunanf.com.br\/blogdoralfereis\/wp-content\/uploads\/sites\/11\/2022\/02\/wlad-768x512.jpeg 768w\" sizes=\"auto, (max-width: 1024px) 100vw, 1024px\" \/><\/p>\n<p style=\"text-align: justify;\">O telefone do prefeito Wladimir Garotinho tocou durante todo o dia ap\u00f3s a nota do blog na \u00faltima sexta-feira <strong><a href=\"https:\/\/www.tribunanf.com.br\/blogdoralfereis\/2022\/02\/04\/paredao-do-das-wladimir-aperta-o-cinto-e-fara-mudancas-no-secretariado\/\">&#8216;Pared\u00e3o do DAS: Wladimir aperta o cinto e far\u00e1 mudan\u00e7as no secretariado&#8217;.<\/a><\/strong><\/p>\n<p style=\"text-align: justify;\">Foi uma correria na prefeitura. Tinha DAS tentando acelerar o passo para conseguir acompanhar o prefeito, outros buscando padrinhos para se salvar e padrinhos j\u00e1 procurando o prefeito para saber quem iria cair.<\/p>\n<p style=\"text-align: justify;\">Mas Wladimir anda irredut\u00edvel e os comissionados s\u00f3 se salvar\u00e3o atrav\u00e9s da compet\u00eancia. O recado \u00e9 claro: n\u00e3o tem padrinho que salve o DAS do primeiro pared\u00e3o do ano.<\/p>\n<p style=\"text-align: justify;\">Mas n\u00e3o foi s\u00f3 correria e desespero. Teve gente rindo \u00e0 toa.<\/p>\n<p style=\"text-align: justify;\">Aquele RPA que muitas vezes n\u00e3o recebe um bom dia do chefe, ou aquele DAS que est\u00e1 na geladeira e quer trabalhar (poucos, mas tem) eram s\u00f3 alegria. E ainda tem aquele pessoal que est\u00e1 na fila esperando o chamado para tomar posse.<\/p>\n<p style=\"text-align: justify;\">Mas vamos aguardar a reuni\u00e3o do pared\u00e3o do DAS. Alguns devem sair exonerados, e outros v\u00e3o levar uma boa escovada do prefeito.<\/p>\n<p>Os eliminados estar\u00e3o no DO e quem levar a escovada do prefeito o blog vai publicar os detalhes.<\/p>\n","protected":false},"excerpt":{"rendered":"<p>O telefone do prefeito Wladimir Garotinho tocou durante todo o dia ap\u00f3s a nota do blog na \u00faltima sexta-feira &#8216;Pared\u00e3o&#8230;<\/p>\n","protected":false},"author":2,"featured_media":8582,"comment_status":"open","ping_status":"open","sticky":false,"template":"","format":"standard","meta":{"colormag_page_container_layout":"default_layout","colormag_page_sidebar_layout":"default_layout","jetpack_post_was_ever_published":false,"_jetpack_newsletter_access":"","_jetpack_dont_email_post_to_subs":false,"_jetpack_newsletter_tier_id":0,"_jetpack_memberships_contains_paywalled_content":false,"_jetpack_memberships_contains_paid_content":false,"footnotes":""},"categories":[2],"tags":[],"class_list":["post-8576","post","type-post","status-publish","format-standard","has-post-thumbnail","hentry","category-politica"],"jetpack_featured_media_url":"https:\/\/www.tribunanf.com.br\/blogdoralfereis\/wp-content\/uploads\/sites\/11\/2022\/02\/wlad.jpeg","jetpack_sharing_enabled":true,"_links":{"self":[{"href":"https:\/\/www.tribunanf.com.br\/blogdoralfereis\/wp-json\/wp\/v2\/posts\/8576","targetHints":{"allow":["GET"]}}],"collection":[{"href":"https:\/\/www.tribunanf.com.br\/blogdoralfereis\/wp-json\/wp\/v2\/posts"}],"about":[{"href":"https:\/\/www.tribunanf.com.br\/blogdoralfereis\/wp-json\/wp\/v2\/types\/post"}],"author":[{"embeddable":true,"href":"https:\/\/www.tribunanf.com.br\/blogdoralfereis\/wp-json\/wp\/v2\/users\/2"}],"replies":[{"embeddable":true,"href":"https:\/\/www.tribunanf.com.br\/blogdoralfereis\/wp-json\/wp\/v2\/comments?post=8576"}],"version-history":[{"count":0,"href":"https:\/\/www.tribunanf.com.br\/blogdoralfereis\/wp-json\/wp\/v2\/posts\/8576\/revisions"}],"wp:featuredmedia":[{"embeddable":true,"href":"https:\/\/www.tribunanf.com.br\/blogdoralfereis\/wp-json\/wp\/v2\/media\/8582"}],"wp:attachment":[{"href":"https:\/\/www.tribunanf.com.br\/blogdoralfereis\/wp-json\/wp\/v2\/media?parent=8576"}],"wp:term":[{"taxonomy":"category","embeddable":true,"href":"https:\/\/www.tribunanf.com.br\/blogdoralfereis\/wp-json\/wp\/v2\/categories?post=8576"},{"taxonomy":"post_tag","embeddable":true,"href":"https:\/\/www.tribunanf.com.br\/blogdoralfereis\/wp-json\/wp\/v2\/tags?post=8576"}],"curies":[{"name":"wp","href":"https:\/\/api.w.org\/{rel}","templated":true}]}}