{"id":8562,"date":"2022-02-04T08:06:09","date_gmt":"2022-02-04T11:06:09","guid":{"rendered":"https:\/\/www.tribunanf.com.br\/blogdoralfereis\/?p=8562"},"modified":"2022-02-04T08:06:09","modified_gmt":"2022-02-04T11:06:09","slug":"paredao-do-das-wladimir-aperta-o-cinto-e-fara-mudancas-no-secretariado","status":"publish","type":"post","link":"https:\/\/www.tribunanf.com.br\/blogdoralfereis\/2022\/02\/04\/paredao-do-das-wladimir-aperta-o-cinto-e-fara-mudancas-no-secretariado\/","title":{"rendered":"Pared\u00e3o do DAS: Wladimir aperta o cinto e far\u00e1 mudan\u00e7as no secretariado"},"content":{"rendered":"<p><img loading=\"lazy\" decoding=\"async\" class=\"aligncenter size-full wp-image-5849\" src=\"https:\/\/www.tribunanf.com.br\/blogdoralfereis\/wp-content\/uploads\/sites\/11\/2021\/01\/wlad-e1609931887607.jpg\" alt=\"\" width=\"600\" height=\"600\" \/><\/p>\n<p style=\"text-align: justify;\">O prefeito Wladimir Garotinho vai colocar alguns comissionados no pared\u00e3o na pr\u00f3xima reuni\u00e3o do staff.<\/p>\n<p style=\"text-align: justify;\">\u00c9 que o prefeito n\u00e3o anda nada satisfeito com desempenho de alguns chefes de pastas do governo municipal. Projetos n\u00e3o est\u00e3o andando como deveria, e em algumas pastas quando anda \u00e9 para tr\u00e1s.<\/p>\n<p style=\"text-align: justify;\">Se a turma n\u00e3o apertar o acelerador j\u00e1 vai sair da reuni\u00e3o exonerado e dispensado em edi\u00e7\u00e3o suplementar do Di\u00e1rio Oficial.<\/p>\n<p style=\"text-align: justify;\">E tem uma fila de gente para assumir os DAS que ficar\u00e3o vagos. Perder uma boca dessa em pleno ver\u00e3o&#8230;<\/p>\n","protected":false},"excerpt":{"rendered":"<p>O prefeito Wladimir Garotinho vai colocar alguns comissionados no pared\u00e3o na pr\u00f3xima reuni\u00e3o do staff. \u00c9 que o prefeito n\u00e3o&#8230;<\/p>\n","protected":false},"author":2,"featured_media":5849,"comment_status":"open","ping_status":"open","sticky":false,"template":"","format":"standard","meta":{"colormag_page_container_layout":"default_layout","colormag_page_sidebar_layout":"default_layout","jetpack_post_was_ever_published":false,"_jetpack_newsletter_access":"","_jetpack_dont_email_post_to_subs":false,"_jetpack_newsletter_tier_id":0,"_jetpack_memberships_contains_paywalled_content":false,"_jetpack_memberships_contains_paid_content":false,"footnotes":""},"categories":[2],"tags":[],"class_list":["post-8562","post","type-post","status-publish","format-standard","has-post-thumbnail","hentry","category-politica"],"jetpack_featured_media_url":"https:\/\/www.tribunanf.com.br\/blogdoralfereis\/wp-content\/uploads\/sites\/11\/2021\/01\/wlad-e1609931887607.jpg","jetpack_sharing_enabled":true,"_links":{"self":[{"href":"https:\/\/www.tribunanf.com.br\/blogdoralfereis\/wp-json\/wp\/v2\/posts\/8562","targetHints":{"allow":["GET"]}}],"collection":[{"href":"https:\/\/www.tribunanf.com.br\/blogdoralfereis\/wp-json\/wp\/v2\/posts"}],"about":[{"href":"https:\/\/www.tribunanf.com.br\/blogdoralfereis\/wp-json\/wp\/v2\/types\/post"}],"author":[{"embeddable":true,"href":"https:\/\/www.tribunanf.com.br\/blogdoralfereis\/wp-json\/wp\/v2\/users\/2"}],"replies":[{"embeddable":true,"href":"https:\/\/www.tribunanf.com.br\/blogdoralfereis\/wp-json\/wp\/v2\/comments?post=8562"}],"version-history":[{"count":0,"href":"https:\/\/www.tribunanf.com.br\/blogdoralfereis\/wp-json\/wp\/v2\/posts\/8562\/revisions"}],"wp:featuredmedia":[{"embeddable":true,"href":"https:\/\/www.tribunanf.com.br\/blogdoralfereis\/wp-json\/wp\/v2\/media\/5849"}],"wp:attachment":[{"href":"https:\/\/www.tribunanf.com.br\/blogdoralfereis\/wp-json\/wp\/v2\/media?parent=8562"}],"wp:term":[{"taxonomy":"category","embeddable":true,"href":"https:\/\/www.tribunanf.com.br\/blogdoralfereis\/wp-json\/wp\/v2\/categories?post=8562"},{"taxonomy":"post_tag","embeddable":true,"href":"https:\/\/www.tribunanf.com.br\/blogdoralfereis\/wp-json\/wp\/v2\/tags?post=8562"}],"curies":[{"name":"wp","href":"https:\/\/api.w.org\/{rel}","templated":true}]}}