{"id":8524,"date":"2022-01-31T13:40:41","date_gmt":"2022-01-31T16:40:41","guid":{"rendered":"https:\/\/www.tribunanf.com.br\/blogdoralfereis\/?p=8524"},"modified":"2022-01-31T13:40:41","modified_gmt":"2022-01-31T16:40:41","slug":"garotinho-e-rosinha-recepcionam-presidente-jair-bolsonaro","status":"publish","type":"post","link":"https:\/\/www.tribunanf.com.br\/blogdoralfereis\/2022\/01\/31\/garotinho-e-rosinha-recepcionam-presidente-jair-bolsonaro\/","title":{"rendered":"Garotinho e Rosinha recepcionam presidente Jair Bolsonaro"},"content":{"rendered":"<p><img loading=\"lazy\" decoding=\"async\" class=\"aligncenter size-large wp-image-8525\" src=\"https:\/\/www.tribunanf.com.br\/blogdoralfereis\/wp-content\/uploads\/sites\/11\/2022\/01\/273026021_4815099261871895_9085708744374182147_n-1024x766.jpg\" alt=\"\" width=\"800\" height=\"598\" srcset=\"https:\/\/www.tribunanf.com.br\/blogdoralfereis\/wp-content\/uploads\/sites\/11\/2022\/01\/273026021_4815099261871895_9085708744374182147_n-1024x766.jpg 1024w, https:\/\/www.tribunanf.com.br\/blogdoralfereis\/wp-content\/uploads\/sites\/11\/2022\/01\/273026021_4815099261871895_9085708744374182147_n-300x225.jpg 300w, https:\/\/www.tribunanf.com.br\/blogdoralfereis\/wp-content\/uploads\/sites\/11\/2022\/01\/273026021_4815099261871895_9085708744374182147_n-768x575.jpg 768w, https:\/\/www.tribunanf.com.br\/blogdoralfereis\/wp-content\/uploads\/sites\/11\/2022\/01\/273026021_4815099261871895_9085708744374182147_n.jpg 1280w\" sizes=\"auto, (max-width: 800px) 100vw, 800px\" \/><\/p>\n<p style=\"text-align: justify;\">Al\u00e9m do prefeito Wladimir Garotinho, os ex-governadores Anthony Garotinho e Rosinha Garotinho recepcionaram o presidente Jair Bolsonaro.<\/p>\n<p style=\"text-align: justify;\">No aeroporto, o ministro Tarc\u00edsio de Freitas confirmou a duplica\u00e7\u00e3o de trechos urbanos das BR 101 e BR 356 em Campos, a pedido da Prefeitura, que j\u00e1 tem recursos alocados e, ainda, destacou a import\u00e2ncia de outros investimentos para a regi\u00e3o. \u201cHoje tamb\u00e9m vamos assinar ades\u00e3o a um contrato para a constru\u00e7\u00e3o de 40 km de ferrovias que v\u00e3o interligar o Porto do A\u00e7u ao tra\u00e7ado da EF-118, que liga Vit\u00f3ria (ES) ao Rio\u201d, frisou.<\/p>\n<p style=\"text-align: justify;\">Bolsonaro segue para o Porto do A\u00e7u, em S\u00e3o Jo\u00e3o da Barra, onde haver\u00e1 lan\u00e7amento da pedra fundamental da Usina Termel\u00e9trica GNA II.<\/p>\n<p><strong>Leia tamb\u00e9m:\u00a0<a href=\"https:\/\/www.tribunanf.com.br\/prefeito-wladimir-garotinho-recebe-presidente-jair-bolsonaro-em-campos\/\">Prefeito Wladimir Garotinho recebe Presidente Jair Bolsonaro em Campos<\/a><\/strong><\/p>\n<p><strong><a href=\"https:\/\/www.tribunanf.com.br\/blogdoralfereis\/2022\/01\/31\/bolsonaro-ganha-camisa-do-goytacaz\/\" target=\"_blank\" rel=\"noopener\">Bolsonaro ganha camisa do Goytacaz<\/a><\/strong><\/p>\n","protected":false},"excerpt":{"rendered":"<p>Al\u00e9m do prefeito Wladimir Garotinho, os ex-governadores Anthony Garotinho e Rosinha Garotinho recepcionaram o presidente Jair Bolsonaro. No aeroporto, o&#8230;<\/p>\n","protected":false},"author":2,"featured_media":8525,"comment_status":"open","ping_status":"open","sticky":false,"template":"","format":"standard","meta":{"colormag_page_container_layout":"default_layout","colormag_page_sidebar_layout":"default_layout","jetpack_post_was_ever_published":false,"_jetpack_newsletter_access":"","_jetpack_dont_email_post_to_subs":false,"_jetpack_newsletter_tier_id":0,"_jetpack_memberships_contains_paywalled_content":false,"_jetpack_memberships_contains_paid_content":false,"footnotes":""},"categories":[2],"tags":[],"class_list":["post-8524","post","type-post","status-publish","format-standard","has-post-thumbnail","hentry","category-politica"],"jetpack_featured_media_url":"https:\/\/www.tribunanf.com.br\/blogdoralfereis\/wp-content\/uploads\/sites\/11\/2022\/01\/273026021_4815099261871895_9085708744374182147_n.jpg","jetpack_sharing_enabled":true,"_links":{"self":[{"href":"https:\/\/www.tribunanf.com.br\/blogdoralfereis\/wp-json\/wp\/v2\/posts\/8524","targetHints":{"allow":["GET"]}}],"collection":[{"href":"https:\/\/www.tribunanf.com.br\/blogdoralfereis\/wp-json\/wp\/v2\/posts"}],"about":[{"href":"https:\/\/www.tribunanf.com.br\/blogdoralfereis\/wp-json\/wp\/v2\/types\/post"}],"author":[{"embeddable":true,"href":"https:\/\/www.tribunanf.com.br\/blogdoralfereis\/wp-json\/wp\/v2\/users\/2"}],"replies":[{"embeddable":true,"href":"https:\/\/www.tribunanf.com.br\/blogdoralfereis\/wp-json\/wp\/v2\/comments?post=8524"}],"version-history":[{"count":0,"href":"https:\/\/www.tribunanf.com.br\/blogdoralfereis\/wp-json\/wp\/v2\/posts\/8524\/revisions"}],"wp:featuredmedia":[{"embeddable":true,"href":"https:\/\/www.tribunanf.com.br\/blogdoralfereis\/wp-json\/wp\/v2\/media\/8525"}],"wp:attachment":[{"href":"https:\/\/www.tribunanf.com.br\/blogdoralfereis\/wp-json\/wp\/v2\/media?parent=8524"}],"wp:term":[{"taxonomy":"category","embeddable":true,"href":"https:\/\/www.tribunanf.com.br\/blogdoralfereis\/wp-json\/wp\/v2\/categories?post=8524"},{"taxonomy":"post_tag","embeddable":true,"href":"https:\/\/www.tribunanf.com.br\/blogdoralfereis\/wp-json\/wp\/v2\/tags?post=8524"}],"curies":[{"name":"wp","href":"https:\/\/api.w.org\/{rel}","templated":true}]}}