{"id":848,"date":"2018-09-11T23:18:58","date_gmt":"2018-09-12T02:18:58","guid":{"rendered":"http:\/\/www.tribunanf.com.br\/blogdoralfereis\/?p=848"},"modified":"2018-09-11T23:27:42","modified_gmt":"2018-09-12T02:27:42","slug":"marcao-x-wladimir-fofoca-de-familia-vai-parar-no-tre","status":"publish","type":"post","link":"https:\/\/www.tribunanf.com.br\/blogdoralfereis\/2018\/09\/11\/marcao-x-wladimir-fofoca-de-familia-vai-parar-no-tre\/","title":{"rendered":"Marc\u00e3o x Wladimir: fofoca de fam\u00edlia vai parar no TRE"},"content":{"rendered":"<p><img loading=\"lazy\" decoding=\"async\" class=\"aligncenter size-full wp-image-162\" src=\"http:\/\/www.tribunanf.com.br\/blogdoralfereis\/wp-content\/uploads\/sites\/11\/2018\/06\/marc\u00e3o-1.jpg\" alt=\"\" width=\"680\" height=\"453\" srcset=\"https:\/\/www.tribunanf.com.br\/blogdoralfereis\/wp-content\/uploads\/sites\/11\/2018\/06\/marc\u00e3o-1.jpg 680w, https:\/\/www.tribunanf.com.br\/blogdoralfereis\/wp-content\/uploads\/sites\/11\/2018\/06\/marc\u00e3o-1-300x200.jpg 300w\" sizes=\"auto, (max-width: 680px) 100vw, 680px\" \/><\/p>\n<p style=\"text-align: justify;\">A declara\u00e7\u00e3o de inten\u00e7\u00e3o de voto de um tio da esposa do poderoso candidato Marc\u00e3o Gomes, atual presidente da C\u00e2mara Municipal de Campos, foi parar no Tribunal Regional Eleitoral depois de manifestado em rede social (facebook) declarando voto a Wladimir.<\/p>\n<p style=\"text-align: justify;\">Marc\u00e3o e Matheus s\u00e3o candidatos \u00e0 C\u00e2mara Federal e vem rivalizando a disputa na cidade.<\/p>\n<p style=\"text-align: justify;\">Como se n\u00e3o bastasse os problemas da justi\u00e7a eleitoral Marc\u00e3o Gomes, diante da grave ingratid\u00e3o do seu tio resolveu acionar a justi\u00e7a eleitoral, com escopo de remover o conte\u00fado exposto pela sua pr\u00f3pria fam\u00edlia em rela\u00e7\u00e3o a sua candidatura, o que com todo respeito \u00e9 um mau sinal.<\/p>\n<p style=\"text-align: justify;\">Pois bem: o desembargador relator recha\u00e7ou a pretens\u00e3o do atual presidente da C\u00e2mara de Campos e qualificou a desaven\u00e7a, que foi judicializada, como problemas familiares.<\/p>\n<p style=\"text-align: justify;\"><strong>&#8220;&#8230;Ali\u00e1s, nem caberia a concess\u00e3o da liminar, uma vez que, no presente caso, se est\u00e1 pretendendo levar ao Poder Judici\u00e1rio, no exerc\u00edcio do poder de pol\u00edcia da propaganda eleitoral, a atua\u00e7\u00e3o em eventual discuss\u00e3o\u00a0\u00a0ou desaven\u00e7a familiar.&#8221;, diz um trecho da decis\u00e3o do desembargador.<\/strong><\/p>\n<p style=\"text-align: justify;\">Os nervos est\u00e3o \u00e0 flor da pele. Ingratid\u00e3o n\u00e3o \u00e9 infra\u00e7\u00e3o eleitoral, por ora. Calma gente!!<\/p>\n<p><img loading=\"lazy\" decoding=\"async\" class=\"aligncenter size-full wp-image-849\" src=\"http:\/\/www.tribunanf.com.br\/blogdoralfereis\/wp-content\/uploads\/sites\/11\/2018\/09\/0001-54.jpg\" alt=\"\" width=\"2480\" height=\"3509\" srcset=\"https:\/\/www.tribunanf.com.br\/blogdoralfereis\/wp-content\/uploads\/sites\/11\/2018\/09\/0001-54.jpg 2480w, https:\/\/www.tribunanf.com.br\/blogdoralfereis\/wp-content\/uploads\/sites\/11\/2018\/09\/0001-54-212x300.jpg 212w, https:\/\/www.tribunanf.com.br\/blogdoralfereis\/wp-content\/uploads\/sites\/11\/2018\/09\/0001-54-768x1087.jpg 768w, https:\/\/www.tribunanf.com.br\/blogdoralfereis\/wp-content\/uploads\/sites\/11\/2018\/09\/0001-54-724x1024.jpg 724w\" sizes=\"auto, (max-width: 2480px) 100vw, 2480px\" \/> <img loading=\"lazy\" decoding=\"async\" class=\"aligncenter size-full wp-image-850\" src=\"http:\/\/www.tribunanf.com.br\/blogdoralfereis\/wp-content\/uploads\/sites\/11\/2018\/09\/0002-43.jpg\" alt=\"\" width=\"2480\" height=\"3509\" srcset=\"https:\/\/www.tribunanf.com.br\/blogdoralfereis\/wp-content\/uploads\/sites\/11\/2018\/09\/0002-43.jpg 2480w, https:\/\/www.tribunanf.com.br\/blogdoralfereis\/wp-content\/uploads\/sites\/11\/2018\/09\/0002-43-212x300.jpg 212w, https:\/\/www.tribunanf.com.br\/blogdoralfereis\/wp-content\/uploads\/sites\/11\/2018\/09\/0002-43-768x1087.jpg 768w, https:\/\/www.tribunanf.com.br\/blogdoralfereis\/wp-content\/uploads\/sites\/11\/2018\/09\/0002-43-724x1024.jpg 724w\" sizes=\"auto, (max-width: 2480px) 100vw, 2480px\" \/><\/p>\n","protected":false},"excerpt":{"rendered":"<p>A declara\u00e7\u00e3o de inten\u00e7\u00e3o de voto de um tio da esposa do poderoso candidato Marc\u00e3o Gomes, atual presidente da C\u00e2mara&#8230;<\/p>\n","protected":false},"author":2,"featured_media":162,"comment_status":"open","ping_status":"open","sticky":false,"template":"","format":"standard","meta":{"colormag_page_container_layout":"default_layout","colormag_page_sidebar_layout":"default_layout","jetpack_post_was_ever_published":false,"_jetpack_newsletter_access":"","_jetpack_dont_email_post_to_subs":false,"_jetpack_newsletter_tier_id":0,"_jetpack_memberships_contains_paywalled_content":false,"_jetpack_memberships_contains_paid_content":false,"footnotes":""},"categories":[2],"tags":[],"class_list":["post-848","post","type-post","status-publish","format-standard","has-post-thumbnail","hentry","category-politica"],"jetpack_featured_media_url":"https:\/\/www.tribunanf.com.br\/blogdoralfereis\/wp-content\/uploads\/sites\/11\/2018\/06\/marc\u00e3o-1.jpg","jetpack_sharing_enabled":true,"_links":{"self":[{"href":"https:\/\/www.tribunanf.com.br\/blogdoralfereis\/wp-json\/wp\/v2\/posts\/848","targetHints":{"allow":["GET"]}}],"collection":[{"href":"https:\/\/www.tribunanf.com.br\/blogdoralfereis\/wp-json\/wp\/v2\/posts"}],"about":[{"href":"https:\/\/www.tribunanf.com.br\/blogdoralfereis\/wp-json\/wp\/v2\/types\/post"}],"author":[{"embeddable":true,"href":"https:\/\/www.tribunanf.com.br\/blogdoralfereis\/wp-json\/wp\/v2\/users\/2"}],"replies":[{"embeddable":true,"href":"https:\/\/www.tribunanf.com.br\/blogdoralfereis\/wp-json\/wp\/v2\/comments?post=848"}],"version-history":[{"count":0,"href":"https:\/\/www.tribunanf.com.br\/blogdoralfereis\/wp-json\/wp\/v2\/posts\/848\/revisions"}],"wp:featuredmedia":[{"embeddable":true,"href":"https:\/\/www.tribunanf.com.br\/blogdoralfereis\/wp-json\/wp\/v2\/media\/162"}],"wp:attachment":[{"href":"https:\/\/www.tribunanf.com.br\/blogdoralfereis\/wp-json\/wp\/v2\/media?parent=848"}],"wp:term":[{"taxonomy":"category","embeddable":true,"href":"https:\/\/www.tribunanf.com.br\/blogdoralfereis\/wp-json\/wp\/v2\/categories?post=848"},{"taxonomy":"post_tag","embeddable":true,"href":"https:\/\/www.tribunanf.com.br\/blogdoralfereis\/wp-json\/wp\/v2\/tags?post=848"}],"curies":[{"name":"wp","href":"https:\/\/api.w.org\/{rel}","templated":true}]}}