{"id":8478,"date":"2022-01-21T20:02:44","date_gmt":"2022-01-21T23:02:44","guid":{"rendered":"https:\/\/www.tribunanf.com.br\/blogdoralfereis\/?p=8478"},"modified":"2022-01-21T21:07:54","modified_gmt":"2022-01-22T00:07:54","slug":"alexandre-moraes-manda-bolsonaro-explicar-suposta-propaganda-antecipada-e-negativa-contra-lula","status":"publish","type":"post","link":"https:\/\/www.tribunanf.com.br\/blogdoralfereis\/2022\/01\/21\/alexandre-moraes-manda-bolsonaro-explicar-suposta-propaganda-antecipada-e-negativa-contra-lula\/","title":{"rendered":"Alexandre de Moraes manda Bolsonaro explicar suposta propaganda antecipada e negativa contra Lula"},"content":{"rendered":"<p><img loading=\"lazy\" decoding=\"async\" class=\"aligncenter size-full wp-image-4248\" src=\"https:\/\/www.tribunanf.com.br\/blogdoralfereis\/wp-content\/uploads\/sites\/11\/2020\/06\/alexande-de-moraes.jpg\" alt=\"\" width=\"984\" height=\"656\" srcset=\"https:\/\/www.tribunanf.com.br\/blogdoralfereis\/wp-content\/uploads\/sites\/11\/2020\/06\/alexande-de-moraes.jpg 984w, https:\/\/www.tribunanf.com.br\/blogdoralfereis\/wp-content\/uploads\/sites\/11\/2020\/06\/alexande-de-moraes-300x200.jpg 300w, https:\/\/www.tribunanf.com.br\/blogdoralfereis\/wp-content\/uploads\/sites\/11\/2020\/06\/alexande-de-moraes-768x512.jpg 768w\" sizes=\"auto, (max-width: 984px) 100vw, 984px\" \/><\/p>\n<p style=\"text-align: justify;\">O ministro Alexandre de Moraes, do TSE e do STF, mandou Jair Bolsonaro dar explica\u00e7\u00f5es, em dois dias, por ter feito suposta propaganda eleitoral antecipada em evento no Pal\u00e1cio do Planalto.<\/p>\n<p style=\"text-align: justify;\">Em 12 de janeiro, Jair Bolsonaro criticou, durante o lan\u00e7amento de um programa de cr\u00e9dito para aquicultura e pesca, os resultados da primeira pesquisa eleitoral de 2022 sobre a corrida presidencial, e insinuou que o ex-presidente Lula \u201cestaria loteando minist\u00e9rios\u201d.<\/p>\n<p style=\"text-align: justify;\">Na a\u00e7\u00e3o, apresentada pelo PT, o pedido pede que o TSE aplique multa a Bolsonaro em R$ 25 mil por ter promovido \u201cverdadeira propaganda antecipada em favor de sua reelei\u00e7\u00e3o e negativa\u201d em rela\u00e7\u00e3o a Lula.<\/p>\n<p style=\"text-align: justify;\">Confira a decis\u00e3o: <a href=\"https:\/\/www.tribunanf.com.br\/blogdoralfereis\/wp-content\/uploads\/sites\/11\/2022\/01\/Decisao-Moraes.pdf\">Decisao-Moraes<\/a><\/p>\n<p style=\"text-align: justify;\">Fonte: O Antagonista<\/p>\n","protected":false},"excerpt":{"rendered":"<p>O ministro Alexandre de Moraes, do TSE e do STF, mandou Jair Bolsonaro dar explica\u00e7\u00f5es, em dois dias, por ter&#8230;<\/p>\n","protected":false},"author":2,"featured_media":4248,"comment_status":"open","ping_status":"open","sticky":false,"template":"","format":"standard","meta":{"colormag_page_container_layout":"default_layout","colormag_page_sidebar_layout":"default_layout","jetpack_post_was_ever_published":false,"_jetpack_newsletter_access":"","_jetpack_dont_email_post_to_subs":false,"_jetpack_newsletter_tier_id":0,"_jetpack_memberships_contains_paywalled_content":false,"_jetpack_memberships_contains_paid_content":false,"footnotes":""},"categories":[2],"tags":[],"class_list":["post-8478","post","type-post","status-publish","format-standard","has-post-thumbnail","hentry","category-politica"],"jetpack_featured_media_url":"https:\/\/www.tribunanf.com.br\/blogdoralfereis\/wp-content\/uploads\/sites\/11\/2020\/06\/alexande-de-moraes.jpg","jetpack_sharing_enabled":true,"_links":{"self":[{"href":"https:\/\/www.tribunanf.com.br\/blogdoralfereis\/wp-json\/wp\/v2\/posts\/8478","targetHints":{"allow":["GET"]}}],"collection":[{"href":"https:\/\/www.tribunanf.com.br\/blogdoralfereis\/wp-json\/wp\/v2\/posts"}],"about":[{"href":"https:\/\/www.tribunanf.com.br\/blogdoralfereis\/wp-json\/wp\/v2\/types\/post"}],"author":[{"embeddable":true,"href":"https:\/\/www.tribunanf.com.br\/blogdoralfereis\/wp-json\/wp\/v2\/users\/2"}],"replies":[{"embeddable":true,"href":"https:\/\/www.tribunanf.com.br\/blogdoralfereis\/wp-json\/wp\/v2\/comments?post=8478"}],"version-history":[{"count":0,"href":"https:\/\/www.tribunanf.com.br\/blogdoralfereis\/wp-json\/wp\/v2\/posts\/8478\/revisions"}],"wp:featuredmedia":[{"embeddable":true,"href":"https:\/\/www.tribunanf.com.br\/blogdoralfereis\/wp-json\/wp\/v2\/media\/4248"}],"wp:attachment":[{"href":"https:\/\/www.tribunanf.com.br\/blogdoralfereis\/wp-json\/wp\/v2\/media?parent=8478"}],"wp:term":[{"taxonomy":"category","embeddable":true,"href":"https:\/\/www.tribunanf.com.br\/blogdoralfereis\/wp-json\/wp\/v2\/categories?post=8478"},{"taxonomy":"post_tag","embeddable":true,"href":"https:\/\/www.tribunanf.com.br\/blogdoralfereis\/wp-json\/wp\/v2\/tags?post=8478"}],"curies":[{"name":"wp","href":"https:\/\/api.w.org\/{rel}","templated":true}]}}