{"id":8452,"date":"2022-01-18T10:52:13","date_gmt":"2022-01-18T13:52:13","guid":{"rendered":"https:\/\/www.tribunanf.com.br\/blogdoralfereis\/?p=8452"},"modified":"2022-01-18T10:52:13","modified_gmt":"2022-01-18T13:52:13","slug":"justica-sepulta-investigacao-sobre-os-milionarios-negocios-de-lulinha","status":"publish","type":"post","link":"https:\/\/www.tribunanf.com.br\/blogdoralfereis\/2022\/01\/18\/justica-sepulta-investigacao-sobre-os-milionarios-negocios-de-lulinha\/","title":{"rendered":"Justi\u00e7a sepulta investiga\u00e7\u00e3o sobre os milion\u00e1rios neg\u00f3cios de Lulinha"},"content":{"rendered":"<p><img loading=\"lazy\" decoding=\"async\" class=\"aligncenter size-full wp-image-8453\" src=\"https:\/\/www.tribunanf.com.br\/blogdoralfereis\/wp-content\/uploads\/sites\/11\/2022\/01\/lula-lulinha.jpg-1.jpg\" alt=\"\" width=\"680\" height=\"453\" srcset=\"https:\/\/www.tribunanf.com.br\/blogdoralfereis\/wp-content\/uploads\/sites\/11\/2022\/01\/lula-lulinha.jpg-1.jpg 680w, https:\/\/www.tribunanf.com.br\/blogdoralfereis\/wp-content\/uploads\/sites\/11\/2022\/01\/lula-lulinha.jpg-1-300x200.jpg 300w\" sizes=\"auto, (max-width: 680px) 100vw, 680px\" \/><\/p>\n<p style=\"text-align: justify;\">A ju\u00edza da 10\u00aa Vara Criminal Federal de S\u00e3o Paulo, Fabiana Rodrigues, arquivou nesta segunda a investiga\u00e7\u00e3o aberta pela Lava-Jato contra F\u00e1bio Luis Lula da Silva, o Lulinha, sobre os neg\u00f3cios do filho de Lula com a Oi\/Telemar a partir da finada Gamecorp.<\/p>\n<p style=\"text-align: justify;\">Como era esperado, Rodrigues seguiu a manifesta\u00e7\u00e3o do MPF em S\u00e3o Paulo pelo arquivamento da investiga\u00e7\u00e3o. O motivo da morte do caso, claro, n\u00e3o foi a comprova\u00e7\u00e3o de que nada ilegal ocorreu nas rela\u00e7\u00f5es milion\u00e1rias de Lulinha com a companhia, mas sim porque o STF declarou a incompet\u00eancia da Lava-Jato em Curitiba no caso.<\/p>\n<p style=\"text-align: justify;\">\u201cV\u00ea-se que os elementos obtidos atrav\u00e9s das duas medidas de quebra relacionadas na portaria de instaura\u00e7\u00e3o n\u00e3o podem ser utilizados como prova, pelo reconhecimento da nulidade dos procedimentos que forneceram evid\u00eancias para a decreta\u00e7\u00e3o das medidas, impondo-se o reconhecimento de sua ilicitude e desentranhamento dos autos\u201d, disse a magistrada.<\/p>\n<p style=\"text-align: justify;\">Fonte: Radar Online, Veja<\/p>\n","protected":false},"excerpt":{"rendered":"<p>A ju\u00edza da 10\u00aa Vara Criminal Federal de S\u00e3o Paulo, Fabiana Rodrigues, arquivou nesta segunda a investiga\u00e7\u00e3o aberta pela Lava-Jato&#8230;<\/p>\n","protected":false},"author":2,"featured_media":8453,"comment_status":"open","ping_status":"open","sticky":false,"template":"","format":"standard","meta":{"colormag_page_container_layout":"default_layout","colormag_page_sidebar_layout":"default_layout","jetpack_post_was_ever_published":false,"_jetpack_newsletter_access":"","_jetpack_dont_email_post_to_subs":false,"_jetpack_newsletter_tier_id":0,"_jetpack_memberships_contains_paywalled_content":false,"_jetpack_memberships_contains_paid_content":false,"footnotes":""},"categories":[2],"tags":[],"class_list":["post-8452","post","type-post","status-publish","format-standard","has-post-thumbnail","hentry","category-politica"],"jetpack_featured_media_url":"https:\/\/www.tribunanf.com.br\/blogdoralfereis\/wp-content\/uploads\/sites\/11\/2022\/01\/lula-lulinha.jpg-1.jpg","jetpack_sharing_enabled":true,"_links":{"self":[{"href":"https:\/\/www.tribunanf.com.br\/blogdoralfereis\/wp-json\/wp\/v2\/posts\/8452","targetHints":{"allow":["GET"]}}],"collection":[{"href":"https:\/\/www.tribunanf.com.br\/blogdoralfereis\/wp-json\/wp\/v2\/posts"}],"about":[{"href":"https:\/\/www.tribunanf.com.br\/blogdoralfereis\/wp-json\/wp\/v2\/types\/post"}],"author":[{"embeddable":true,"href":"https:\/\/www.tribunanf.com.br\/blogdoralfereis\/wp-json\/wp\/v2\/users\/2"}],"replies":[{"embeddable":true,"href":"https:\/\/www.tribunanf.com.br\/blogdoralfereis\/wp-json\/wp\/v2\/comments?post=8452"}],"version-history":[{"count":0,"href":"https:\/\/www.tribunanf.com.br\/blogdoralfereis\/wp-json\/wp\/v2\/posts\/8452\/revisions"}],"wp:featuredmedia":[{"embeddable":true,"href":"https:\/\/www.tribunanf.com.br\/blogdoralfereis\/wp-json\/wp\/v2\/media\/8453"}],"wp:attachment":[{"href":"https:\/\/www.tribunanf.com.br\/blogdoralfereis\/wp-json\/wp\/v2\/media?parent=8452"}],"wp:term":[{"taxonomy":"category","embeddable":true,"href":"https:\/\/www.tribunanf.com.br\/blogdoralfereis\/wp-json\/wp\/v2\/categories?post=8452"},{"taxonomy":"post_tag","embeddable":true,"href":"https:\/\/www.tribunanf.com.br\/blogdoralfereis\/wp-json\/wp\/v2\/tags?post=8452"}],"curies":[{"name":"wp","href":"https:\/\/api.w.org\/{rel}","templated":true}]}}