{"id":8449,"date":"2022-01-17T15:06:48","date_gmt":"2022-01-17T18:06:48","guid":{"rendered":"https:\/\/www.tribunanf.com.br\/blogdoralfereis\/?p=8449"},"modified":"2022-01-17T15:06:48","modified_gmt":"2022-01-17T18:06:48","slug":"frederico-barbosa-lemos-prestigia-tradicional-festa-de-santo-amaro","status":"publish","type":"post","link":"https:\/\/www.tribunanf.com.br\/blogdoralfereis\/2022\/01\/17\/frederico-barbosa-lemos-prestigia-tradicional-festa-de-santo-amaro\/","title":{"rendered":"Frederico Barbosa Lemos prestigia tradicional festa de Santo Amaro"},"content":{"rendered":"<p><img loading=\"lazy\" decoding=\"async\" class=\"aligncenter size-full wp-image-8450\" src=\"https:\/\/www.tribunanf.com.br\/blogdoralfereis\/wp-content\/uploads\/sites\/11\/2022\/01\/Sem-titulo.png\" alt=\"\" width=\"636\" height=\"348\" srcset=\"https:\/\/www.tribunanf.com.br\/blogdoralfereis\/wp-content\/uploads\/sites\/11\/2022\/01\/Sem-titulo.png 636w, https:\/\/www.tribunanf.com.br\/blogdoralfereis\/wp-content\/uploads\/sites\/11\/2022\/01\/Sem-titulo-300x164.png 300w\" sizes=\"auto, (max-width: 636px) 100vw, 636px\" \/><\/p>\n<p style=\"text-align: justify;\">O pr\u00e9-candidato a deputado estadual, Frederico Barbosa Lemos, ex-prefeito de S\u00e3o Francisco de Itabapoana, esteve na tradicional festa de Santo Amaro, na Baixada Campista, no \u00faltimo s\u00e1bado (15).<\/p>\n<p style=\"text-align: justify;\">Frederico estava acompanhado da esposa Francimara, prefeita de S\u00e3o Francisco, e de lideran\u00e7as pol\u00edticas de toda regi\u00e3o. Durante a visita Frederico se encontrou com o prefeito de Campos Wladimir Garotinho.<\/p>\n<p style=\"text-align: justify;\"><em>&#8220;Francimara e eu estivemos em Campos para prestigiar as festividades de Santo Amaro, padroeiro de toda a baixada. Este \u00e9 um momento muito especial para n\u00f3s dois e para todos que professam sua f\u00e9, seja participando da missa ou na peregrina\u00e7\u00e3o dos romeiros, que caminhando dezenas de quil\u00f4metros, saem de diversos pontos da regi\u00e3o para agradecer as gra\u00e7as atendidas. Este ano Francimara e eu viemos agradecer por todas as dificuldades superadas, pedimos mais for\u00e7as para enfrentar as batalhas que estar\u00e3o pela frente. Pedimos tamb\u00e9m para cuidar e proteger as pessoas que est\u00e3o passando por alguma dificuldade pela for\u00e7a da natureza ou pelo terror deste v\u00edrus que persiste em n\u00e3o acabar. Am\u00e9m, Santo Amaro e Jesus, obrigado por cuidarem de n\u00f3s aqui neste plano.&#8221;<\/em>, disse Frederico.<\/p>\n<p style=\"text-align: justify;\">Assista a mensagem de Frederico:<\/p>\n<p><iframe loading=\"lazy\" style=\"border: none; overflow: hidden;\" src=\"https:\/\/www.facebook.com\/plugins\/video.php?height=314&amp;href=https%3A%2F%2Fwww.facebook.com%2Ffrederico.souzabarbosalemos%2Fvideos%2F580654496595658%2F&amp;show_text=true&amp;width=560&amp;t=0\" width=\"560\" height=\"429\" frameborder=\"0\" scrolling=\"no\" allowfullscreen=\"allowfullscreen\"><\/iframe><\/p>\n","protected":false},"excerpt":{"rendered":"<p>O pr\u00e9-candidato a deputado estadual, Frederico Barbosa Lemos, ex-prefeito de S\u00e3o Francisco de Itabapoana, esteve na tradicional festa de Santo&#8230;<\/p>\n","protected":false},"author":2,"featured_media":8450,"comment_status":"open","ping_status":"open","sticky":false,"template":"","format":"standard","meta":{"colormag_page_container_layout":"default_layout","colormag_page_sidebar_layout":"default_layout","jetpack_post_was_ever_published":false,"_jetpack_newsletter_access":"","_jetpack_dont_email_post_to_subs":false,"_jetpack_newsletter_tier_id":0,"_jetpack_memberships_contains_paywalled_content":false,"_jetpack_memberships_contains_paid_content":false,"footnotes":""},"categories":[2],"tags":[],"class_list":["post-8449","post","type-post","status-publish","format-standard","has-post-thumbnail","hentry","category-politica"],"jetpack_featured_media_url":"https:\/\/www.tribunanf.com.br\/blogdoralfereis\/wp-content\/uploads\/sites\/11\/2022\/01\/Sem-titulo.png","jetpack_sharing_enabled":true,"_links":{"self":[{"href":"https:\/\/www.tribunanf.com.br\/blogdoralfereis\/wp-json\/wp\/v2\/posts\/8449","targetHints":{"allow":["GET"]}}],"collection":[{"href":"https:\/\/www.tribunanf.com.br\/blogdoralfereis\/wp-json\/wp\/v2\/posts"}],"about":[{"href":"https:\/\/www.tribunanf.com.br\/blogdoralfereis\/wp-json\/wp\/v2\/types\/post"}],"author":[{"embeddable":true,"href":"https:\/\/www.tribunanf.com.br\/blogdoralfereis\/wp-json\/wp\/v2\/users\/2"}],"replies":[{"embeddable":true,"href":"https:\/\/www.tribunanf.com.br\/blogdoralfereis\/wp-json\/wp\/v2\/comments?post=8449"}],"version-history":[{"count":0,"href":"https:\/\/www.tribunanf.com.br\/blogdoralfereis\/wp-json\/wp\/v2\/posts\/8449\/revisions"}],"wp:featuredmedia":[{"embeddable":true,"href":"https:\/\/www.tribunanf.com.br\/blogdoralfereis\/wp-json\/wp\/v2\/media\/8450"}],"wp:attachment":[{"href":"https:\/\/www.tribunanf.com.br\/blogdoralfereis\/wp-json\/wp\/v2\/media?parent=8449"}],"wp:term":[{"taxonomy":"category","embeddable":true,"href":"https:\/\/www.tribunanf.com.br\/blogdoralfereis\/wp-json\/wp\/v2\/categories?post=8449"},{"taxonomy":"post_tag","embeddable":true,"href":"https:\/\/www.tribunanf.com.br\/blogdoralfereis\/wp-json\/wp\/v2\/tags?post=8449"}],"curies":[{"name":"wp","href":"https:\/\/api.w.org\/{rel}","templated":true}]}}