{"id":8425,"date":"2022-01-10T20:52:29","date_gmt":"2022-01-10T23:52:29","guid":{"rendered":"https:\/\/www.tribunanf.com.br\/blogdoralfereis\/?p=8425"},"modified":"2022-01-10T20:52:29","modified_gmt":"2022-01-10T23:52:29","slug":"super-bom-entra-na-justica-e-derruba-lei-que-proibia-cobranca-de-sacolas-em-seus-estabelecimentos","status":"publish","type":"post","link":"https:\/\/www.tribunanf.com.br\/blogdoralfereis\/2022\/01\/10\/super-bom-entra-na-justica-e-derruba-lei-que-proibia-cobranca-de-sacolas-em-seus-estabelecimentos\/","title":{"rendered":"Super Bom entra na justi\u00e7a e derruba lei que proibia cobran\u00e7a de sacolas em seus estabelecimentos"},"content":{"rendered":"<p><img loading=\"lazy\" decoding=\"async\" class=\"aligncenter size-full wp-image-8426\" src=\"https:\/\/www.tribunanf.com.br\/blogdoralfereis\/wp-content\/uploads\/sites\/11\/2022\/01\/superbom.png\" alt=\"\" width=\"1024\" height=\"683\" srcset=\"https:\/\/www.tribunanf.com.br\/blogdoralfereis\/wp-content\/uploads\/sites\/11\/2022\/01\/superbom.png 1024w, https:\/\/www.tribunanf.com.br\/blogdoralfereis\/wp-content\/uploads\/sites\/11\/2022\/01\/superbom-300x200.png 300w, https:\/\/www.tribunanf.com.br\/blogdoralfereis\/wp-content\/uploads\/sites\/11\/2022\/01\/superbom-768x512.png 768w\" sizes=\"auto, (max-width: 1024px) 100vw, 1024px\" \/><\/p>\n<p style=\"text-align: justify;\">O grupo Barcelos Atacadista, Grupo Super Bom, conseguiu uma liminar na justi\u00e7a para suspender os efeitos da lei que pro\u00edbe a cobran\u00e7a de sacolas no supermercados de Campos dos Goytacazes. O grupo alegou v\u00edcio de inconstitucionalidade na lei municipal.<\/p>\n<p style=\"text-align: justify;\">A lei que pro\u00edbe cobran\u00e7a de sacolas foi sancionada pelo prefeito Wladimir Garotinho em 21 de dezembro de 2021. O projeto, de autoria dos vereadores Fred Machado (Cidadania) e Bruno Pez\u00e3o (PL), foi aprovado por unanimidade na C\u00e2mara Municipal (leia mais: <strong><a href=\"https:\/\/www.tribunanf.com.br\/prefeito-wladimir-garotinho-sanciona-lei-que-proibe-cobranca-de-sacolas-em-estabelecimentos-comerciais-de-campos\/\">Wladimir Garotinho sanciona lei que pro\u00edbe cobran\u00e7a de sacolas em estabelecimentos comerciais de Campos).<\/a><\/strong><\/p>\n<p style=\"text-align: justify;\">Por ora, pelo consta na decis\u00e3o da 1\u00aa Vara C\u00edvel de Campos, a liminar beneficia somente o autor da a\u00e7\u00e3o, o grupo Super Bom.<\/p>\n<p style=\"text-align: justify;\">Confira a decis\u00e3o:<\/p>\n<p style=\"text-align: justify;\">&#8220;Trata-se de a\u00e7\u00e3o de procedimento comum na qual Barcelos Varejo e Atacado Ltda. (Supermercados SUPERBOM) postula a concess\u00e3o de tutela de urg\u00eancia para compelir o Munic\u00edpio de Campos dos Goytacazes a abs-ter-se de proibir a cobran\u00e7a pelo fornecimento das sacolas, ainda que reci-cl\u00e1veis ou reutiliz\u00e1veis, biodegrad\u00e1veis, sob o argumento de que a Lei Mu-nicipal n. 9.120\/2021, que imp\u00f5e tal veda\u00e7\u00e3o, padece de inconstitucionali-dade. Esse, o brev\u00edssimo relat\u00f3rio. Nos moldes do art. 300 do C\u00f3digo de Processo Civil, a concess\u00e3o da tutela de urg\u00eancia, cautelar ou antecipada, exige a presen\u00e7a de elementos que evidenciem a probabilidade do direito e do perigo de dano ou risco ao resultado \u00fatil do processo. No caso concreto, os argumentos esposados exsurgem plaus\u00edveis e, sem embargo do reexame aprofundado da mat\u00e9ria por ocasi\u00e3o da an\u00e1lise do m\u00e9rito, autorizam a concess\u00e3o da medida vindicada inaudita altera parte. Primeiro, porque a compet\u00eancia legislativa municipal sobre normas de direito do consumidor restringe-se ao regramento de tema de interesse local, isto \u00e9, que se referem mais diretamente \u00e0s necessidades imediatas do Munic\u00edpio (STF. AgR no RE n. 1.188.853, Rel. Min. Ricardo Lewandowski, j. 05\/08\/2020). E, para a hip\u00f3tese de fornecimento de sacolas pl\u00e1sticas, n\u00e3o se me parece exista particularidade em Campos dos Goytacazes ou mesmo no Norte Fluminense a justificar tratamento distinto do que \u00e9 conferido pela Lei Estadual n. 8.473\/2019 aos demais Munic\u00edpios Fluminenses. H\u00e1, aqui, portanto, aparente v\u00edcio de inconstitucionalidade formal org\u00e2nica da Lei Municipal n. 9.120\/2021, diante da viola\u00e7\u00e3o \u00e0 compet\u00eancia concorrente da Uni\u00e3o, dos Estados e do Distrito Federal prevista nos incisos V e VIII da Constitui\u00e7\u00e3o Federal de 1988. Sob o aspecto da prote\u00e7\u00e3o ao meio ambiente, tamb\u00e9m h\u00e1 relevo na tese sustentada pela autora. De acordo com o Supremo Tribunal Federal, &#8220;o Munic\u00edpio \u00e9 competente para legislar sobre meio ambiente com Uni\u00e3o e Estado, no limite de seu interesse local e desde que tal regramento seja e harm\u00f4nico com a disciplina estabelecida pelos demais entes federados (art. 24, VI c\/c 30, I e II da CRFB)&#8221; (RE n. 586.224, Rel. Min. Luiz Fux, j. 05\/03\/2015). A citada Lei Estadual n. 8.473\/2019, ao dispor sobre a substitui\u00e7\u00e3o de sacolas pl\u00e1sticas n\u00e3o recicl\u00e1veis e n\u00e3o retorn\u00e1veis distribu\u00eddas pelos es-tabelecimentos comerciais, e determinar a possibilidade de cobran\u00e7a das sacolas tem por objetivo reduzir a quantidade de sacos pl\u00e1sticos leves pro-duzidos e consumidos e privilegiar solu\u00e7\u00f5es ambientalmente mais susten-t\u00e1veis. A prop\u00f3sito: O descarte das sacolas pl\u00e1sticas \u00e9 um dos principais respons\u00e1-veis pelo entupimento da drenagem urbana e pela polui\u00e7\u00e3o h\u00eddrica, sendo encontradas at\u00e9 no trato digestivo de alguns animais. Al\u00e9m disso, elas contribuem para a forma\u00e7\u00e3o de zo-nas mortas de at\u00e9 70 mil km\u00b2 no fundo dos oceanos. Em breve escor\u00e7o, as sacolas pl\u00e1sticas passaram a ser adota-das pelos supermercados no final da d\u00e9cada de 1980, em ra-z\u00e3o do elevado custo do papel. Bastante atrativo como emba-lagem em raz\u00e3o da for\u00e7a e resist\u00eancia, durabilidade, baixo pe-so, assepsia, excelente prote\u00e7\u00e3o contra \u00e1gua e gases, resist\u00ean-cia \u00e0 maioria dos agentes qu\u00edmicos, boa processabilidade e baixo custo etc., em pouco tempo transformou-se num dos maiores poluentes do planeta. (FABRO, Adriano Todorovic et al. Utiliza\u00e7\u00e3o de sacolas pl\u00e1sticas em supermercados. Revista Ci-\u00eancias do Ambiente On-Line, v. 3, n\u00ba 1, Fevereiro 2007). Estima-se que o mundo utilize entre 500 bilh\u00f5es e 1 trilh\u00e3o de sacolas por ano. No Brasil, cerca de 1,5 milh\u00f5es de sacolas pl\u00e1sticas s\u00e3o distribu\u00eddas por hora. (http:\/\/www.mma.gov.br\/responsabilidade socioambiental\/producao-e-consumo-sustentavel\/sacoe-um-saco\/saiba-mais). (STF. RE n. 732.686, Rel. Min. Luiz Fux, j. 26\/09\/2017). Nessa \u00f3tica, a novidade institu\u00edda pela Lei Municipal n. 9.120\/2021 importa flagrante retrocesso na defesa do meio ambiente e no direito de todos ao meio ambiente ecologicamente equilibrado, em especial no contro-le da produ\u00e7\u00e3o, comercializa\u00e7\u00e3o e emprego de t\u00e9cnicas, m\u00e9todos e subst\u00e2n-cias que comportem risco para a vida, a qualidade de vida e o meio ambi-ente (CRFB\/88, art. 170, VI, e art. 225, \u00a7 1\u00ba, V). Da\u00ed se segue que a lei municipal goitac\u00e1, ao se afastar da disciplina protetiva que orienta a Lei Estadual n. 8.473\/2019, padece, em princ\u00edpio, a um s\u00f3 tempo, de v\u00edcio de inconstitucionalidade formal e material. Para al\u00e9m de probabilidade do direito invocado, est\u00e1 presente, ain-da, o perigo de dano, que defluem das san\u00e7\u00f5es administrativas para o caso de descumprimento da Lei Municipal n. 9.120\/2021. DEFIRO, pois, a TUTELA DE URG\u00caNCIA para DETERMINAR ao Munic\u00edpio de Campos dos Goytacazes que ABSTENHA-SE DE EXIGIR dos estabelecimentos da autora o cumprimento da proibi\u00e7\u00e3o de cobran\u00e7a pelo fornecimento das sacolas, ainda que recicl\u00e1veis ou reutiliz\u00e1veis, bio-degrad\u00e1veis, sob pena de nulidade dos atos praticados, bem como para SUSPENDER OS EFEITOS do &#8220;Ato Urgente da Secretaria Executiva do PROCON Campos &#8211; 27\/12\/21&#8243; e do Auto de Infra\u00e7\u00e3o n. 485\/2021. Intimem-se, com urg\u00eancia, pelo Oficial de Justi\u00e7a plantonista. CITE-SE, com as advert\u00eancias de estilo.&#8221;, decidiu o juiz Eron Simas.<\/p>\n","protected":false},"excerpt":{"rendered":"<p>O grupo Barcelos Atacadista, Grupo Super Bom, conseguiu uma liminar na justi\u00e7a para suspender os efeitos da lei que pro\u00edbe&#8230;<\/p>\n","protected":false},"author":2,"featured_media":8426,"comment_status":"open","ping_status":"open","sticky":false,"template":"","format":"standard","meta":{"colormag_page_container_layout":"default_layout","colormag_page_sidebar_layout":"default_layout","jetpack_post_was_ever_published":false,"_jetpack_newsletter_access":"","_jetpack_dont_email_post_to_subs":false,"_jetpack_newsletter_tier_id":0,"_jetpack_memberships_contains_paywalled_content":false,"_jetpack_memberships_contains_paid_content":false,"footnotes":""},"categories":[2],"tags":[],"class_list":["post-8425","post","type-post","status-publish","format-standard","has-post-thumbnail","hentry","category-politica"],"jetpack_featured_media_url":"https:\/\/www.tribunanf.com.br\/blogdoralfereis\/wp-content\/uploads\/sites\/11\/2022\/01\/superbom.png","jetpack_sharing_enabled":true,"_links":{"self":[{"href":"https:\/\/www.tribunanf.com.br\/blogdoralfereis\/wp-json\/wp\/v2\/posts\/8425","targetHints":{"allow":["GET"]}}],"collection":[{"href":"https:\/\/www.tribunanf.com.br\/blogdoralfereis\/wp-json\/wp\/v2\/posts"}],"about":[{"href":"https:\/\/www.tribunanf.com.br\/blogdoralfereis\/wp-json\/wp\/v2\/types\/post"}],"author":[{"embeddable":true,"href":"https:\/\/www.tribunanf.com.br\/blogdoralfereis\/wp-json\/wp\/v2\/users\/2"}],"replies":[{"embeddable":true,"href":"https:\/\/www.tribunanf.com.br\/blogdoralfereis\/wp-json\/wp\/v2\/comments?post=8425"}],"version-history":[{"count":0,"href":"https:\/\/www.tribunanf.com.br\/blogdoralfereis\/wp-json\/wp\/v2\/posts\/8425\/revisions"}],"wp:featuredmedia":[{"embeddable":true,"href":"https:\/\/www.tribunanf.com.br\/blogdoralfereis\/wp-json\/wp\/v2\/media\/8426"}],"wp:attachment":[{"href":"https:\/\/www.tribunanf.com.br\/blogdoralfereis\/wp-json\/wp\/v2\/media?parent=8425"}],"wp:term":[{"taxonomy":"category","embeddable":true,"href":"https:\/\/www.tribunanf.com.br\/blogdoralfereis\/wp-json\/wp\/v2\/categories?post=8425"},{"taxonomy":"post_tag","embeddable":true,"href":"https:\/\/www.tribunanf.com.br\/blogdoralfereis\/wp-json\/wp\/v2\/tags?post=8425"}],"curies":[{"name":"wp","href":"https:\/\/api.w.org\/{rel}","templated":true}]}}