{"id":8402,"date":"2022-01-08T09:34:32","date_gmt":"2022-01-08T12:34:32","guid":{"rendered":"https:\/\/www.tribunanf.com.br\/blogdoralfereis\/?p=8402"},"modified":"2022-01-08T09:34:32","modified_gmt":"2022-01-08T12:34:32","slug":"governo-bolsonaro-rebate-claudio-castro-sobre-concessao-do-aeroporto-santos-dumont","status":"publish","type":"post","link":"https:\/\/www.tribunanf.com.br\/blogdoralfereis\/2022\/01\/08\/governo-bolsonaro-rebate-claudio-castro-sobre-concessao-do-aeroporto-santos-dumont\/","title":{"rendered":"Governo Bolsonaro rebate Cl\u00e1udio Castro sobre concess\u00e3o do Aeroporto Santos Dumont"},"content":{"rendered":"<p><img loading=\"lazy\" decoding=\"async\" class=\"aligncenter size-full wp-image-8403\" src=\"https:\/\/www.tribunanf.com.br\/blogdoralfereis\/wp-content\/uploads\/sites\/11\/2022\/01\/castro-e-bolsonaro.jpg\" alt=\"\" width=\"976\" height=\"550\" srcset=\"https:\/\/www.tribunanf.com.br\/blogdoralfereis\/wp-content\/uploads\/sites\/11\/2022\/01\/castro-e-bolsonaro.jpg 976w, https:\/\/www.tribunanf.com.br\/blogdoralfereis\/wp-content\/uploads\/sites\/11\/2022\/01\/castro-e-bolsonaro-300x169.jpg 300w, https:\/\/www.tribunanf.com.br\/blogdoralfereis\/wp-content\/uploads\/sites\/11\/2022\/01\/castro-e-bolsonaro-768x433.jpg 768w\" sizes=\"auto, (max-width: 976px) 100vw, 976px\" \/><\/p>\n<p style=\"text-align: justify;\">O governador do Rio de Janeiro Cl\u00e1udio Castro informou ontem, atrav\u00e9s das redes sociais, que o atual edital de concess\u00e3o do aeroporto Santos Dumont \u00e9 uma amea\u00e7a ao Rio.<\/p>\n<p style=\"text-align: justify;\">Castro disse que vai a Bras\u00edlia pedir aux\u00edlio ao presidente Bolsonaro e se for necess\u00e1rio vai judicializar a causa.<\/p>\n<p style=\"text-align: justify;\">O Minist\u00e9rio da Infraestrutura emitiu nota oficial rebatendo Cl\u00e1udio Castro. O governador tamb\u00e9m \u00e9 alvo de bolsonaristas nas redes sociais. Confira a nota abaixo.<\/p>\n<blockquote class=\"twitter-tweet\">\n<p dir=\"ltr\" lang=\"pt\">Vamos criar uma frente de defesa com a prefeitura do Rio e outros Poderes. Se for necess\u00e1rio, vamos judicializar a causa. A medida \u00e9 necess\u00e1ria ap\u00f3s in\u00fameras tentativas de di\u00e1logo com o Minist\u00e9rio de Infraestrutura.<\/p>\n<p>\u2014 Cl\u00e1udio Castro (@claudiocastroRJ) <a href=\"https:\/\/twitter.com\/claudiocastroRJ\/status\/1479573892385673217?ref_src=twsrc%5Etfw\" target=\"_blank\" rel=\"noopener\">January 7, 2022<\/a><\/p><\/blockquote>\n<p style=\"text-align: justify;\"><script async src=\"https:\/\/platform.twitter.com\/widgets.js\" charset=\"utf-8\"><\/script><\/p>\n<p style=\"text-align: justify;\"><strong>Nota \u00e0 imprensa sobre o projeto de concess\u00e3o<\/strong><br \/>\n<strong>do Aeroporto Santos Dumont<\/strong><\/p>\n<p style=\"text-align: justify;\">&#8211; Um dos setores que mais avan\u00e7ou nos \u00faltimos anos, em termos de modelo de concess\u00e3o, \u00e9 o aeroportu\u00e1rio. Prova disso \u00e9 o sucesso recente dos leil\u00f5es da 5\u00aa e 6\u00aa rodadas, que atra\u00edram grandes players globais e garantiram mais de R\uff04 9 bilh\u00f5es em investimentos privados na moderniza\u00e7\u00e3o de 34 aeroportos brasileiros, nas cinco regi\u00f5es do pa\u00eds.<\/p>\n<p style=\"text-align: justify;\">&#8211; Por isso, causa perplexidade a postura de autoridades locais do Rio de Janeiro ao amea\u00e7ar judicializar o projeto de concess\u00e3o \u00e0 iniciativa privada do Aeroporto Santos Dumont. Qualquer tentativa de inviabilizar o certame pode apenas afugentar investidores, trazer inseguran\u00e7a jur\u00eddica e contrariar o interesse da popula\u00e7\u00e3o.<\/p>\n<p style=\"text-align: justify;\">&#8211; A 7\u00aa rodada de concess\u00f5es, prevista para este semestre e que inclui o Santos Dumont, repete o modelo bem-sucedido das duas anteriores, em blocos regionais. Apenas no Rio de Janeiro, ser\u00e3o investidos R\uff04 1,5 bilh\u00e3o no Santos Dumont e no Aeroporto de Jacarepagu\u00e1. A concess\u00e3o vai modernizar a infraestrutura e tornar mais eficientes as opera\u00e7\u00f5es, qualificando os servi\u00e7os aos passageiros.<\/p>\n<p style=\"text-align: justify;\">&#8211; Os interesses da popula\u00e7\u00e3o por melhor infraestrutura e melhores servi\u00e7os estar\u00e3o contemplados na concess\u00e3o do Santos Dumont. A diminui\u00e7\u00e3o do fluxo de passageiros no Aeroporto Internacional do Gale\u00e3o, apontada como motivo por autoridades locais na tentativa de inviabilizar a concess\u00e3o do SDU, deve ser revertida com medidas administrativas do concession\u00e1rio e com pol\u00edticas p\u00fablicas municipais e estaduais de mobilidade e seguran\u00e7a p\u00fablica.<\/p>\n<p style=\"text-align: justify;\">&#8211; Os aeroportos da capital fluminense pertencem \u00e0 Uni\u00e3o, que entende ser do interesse p\u00fablico a pol\u00edtica de concess\u00f5es \u00e0 iniciativa privada. O Governo Federal seguir\u00e1 mantendo o di\u00e1logo com as autoridades locais e seguindo as orienta\u00e7\u00f5es dos \u00f3rg\u00e3os de controle para garantir o \u00eaxito da pol\u00edtica. Ao governo estadual e \u00e0 prefeitura, por sua vez, cabe buscar solu\u00e7\u00f5es para promover o turismo local, o aumento do fluxo de visitantes na cidade e a qualifica\u00e7\u00e3o dos servi\u00e7os p\u00fablicos que est\u00e3o sob a sua compet\u00eancia. Neste sentido, o Governo Federal est\u00e1 empenhado em colaborar e trabalhar em parceria com estado e munic\u00edpio para garantir os investimentos necess\u00e1rios para solucionar os reais problemas do Rio de Janeiro.<\/p>\n<p style=\"text-align: justify;\"><strong>Assessoria Especial de Comunica\u00e7\u00e3o<\/strong><br \/>\n<strong>Minist\u00e9rio da Infraestrutura&#8221;<\/strong><\/p>\n","protected":false},"excerpt":{"rendered":"<p>O governador do Rio de Janeiro Cl\u00e1udio Castro informou ontem, atrav\u00e9s das redes sociais, que o atual edital de concess\u00e3o&#8230;<\/p>\n","protected":false},"author":2,"featured_media":8403,"comment_status":"open","ping_status":"open","sticky":false,"template":"","format":"standard","meta":{"colormag_page_container_layout":"default_layout","colormag_page_sidebar_layout":"default_layout","jetpack_post_was_ever_published":false,"_jetpack_newsletter_access":"","_jetpack_dont_email_post_to_subs":false,"_jetpack_newsletter_tier_id":0,"_jetpack_memberships_contains_paywalled_content":false,"_jetpack_memberships_contains_paid_content":false,"footnotes":""},"categories":[2],"tags":[],"class_list":["post-8402","post","type-post","status-publish","format-standard","has-post-thumbnail","hentry","category-politica"],"jetpack_featured_media_url":"https:\/\/www.tribunanf.com.br\/blogdoralfereis\/wp-content\/uploads\/sites\/11\/2022\/01\/castro-e-bolsonaro.jpg","jetpack_sharing_enabled":true,"_links":{"self":[{"href":"https:\/\/www.tribunanf.com.br\/blogdoralfereis\/wp-json\/wp\/v2\/posts\/8402","targetHints":{"allow":["GET"]}}],"collection":[{"href":"https:\/\/www.tribunanf.com.br\/blogdoralfereis\/wp-json\/wp\/v2\/posts"}],"about":[{"href":"https:\/\/www.tribunanf.com.br\/blogdoralfereis\/wp-json\/wp\/v2\/types\/post"}],"author":[{"embeddable":true,"href":"https:\/\/www.tribunanf.com.br\/blogdoralfereis\/wp-json\/wp\/v2\/users\/2"}],"replies":[{"embeddable":true,"href":"https:\/\/www.tribunanf.com.br\/blogdoralfereis\/wp-json\/wp\/v2\/comments?post=8402"}],"version-history":[{"count":0,"href":"https:\/\/www.tribunanf.com.br\/blogdoralfereis\/wp-json\/wp\/v2\/posts\/8402\/revisions"}],"wp:featuredmedia":[{"embeddable":true,"href":"https:\/\/www.tribunanf.com.br\/blogdoralfereis\/wp-json\/wp\/v2\/media\/8403"}],"wp:attachment":[{"href":"https:\/\/www.tribunanf.com.br\/blogdoralfereis\/wp-json\/wp\/v2\/media?parent=8402"}],"wp:term":[{"taxonomy":"category","embeddable":true,"href":"https:\/\/www.tribunanf.com.br\/blogdoralfereis\/wp-json\/wp\/v2\/categories?post=8402"},{"taxonomy":"post_tag","embeddable":true,"href":"https:\/\/www.tribunanf.com.br\/blogdoralfereis\/wp-json\/wp\/v2\/tags?post=8402"}],"curies":[{"name":"wp","href":"https:\/\/api.w.org\/{rel}","templated":true}]}}