{"id":8375,"date":"2022-01-05T16:58:52","date_gmt":"2022-01-05T19:58:52","guid":{"rendered":"https:\/\/www.tribunanf.com.br\/blogdoralfereis\/?p=8375"},"modified":"2022-01-05T17:09:53","modified_gmt":"2022-01-05T20:09:53","slug":"rolo-compressor-claudio-castro-consegue-maioria-da-alerj-e-mantem-veto-parcial-ao-sistema-de-protecao-social-dos-militares","status":"publish","type":"post","link":"https:\/\/www.tribunanf.com.br\/blogdoralfereis\/2022\/01\/05\/rolo-compressor-claudio-castro-consegue-maioria-da-alerj-e-mantem-veto-parcial-ao-sistema-de-protecao-social-dos-militares\/","title":{"rendered":"Rolo compressor: Cl\u00e1udio Castro consegue maioria da Alerj e mant\u00e9m veto parcial ao sistema de prote\u00e7\u00e3o Social dos Militares"},"content":{"rendered":"<p><img loading=\"lazy\" decoding=\"async\" class=\"aligncenter size-full wp-image-8376\" src=\"https:\/\/www.tribunanf.com.br\/blogdoralfereis\/wp-content\/uploads\/sites\/11\/2022\/01\/castro-e-ceciliano_Easy-Resize.com_.jpg\" alt=\"\" width=\"800\" height=\"500\" srcset=\"https:\/\/www.tribunanf.com.br\/blogdoralfereis\/wp-content\/uploads\/sites\/11\/2022\/01\/castro-e-ceciliano_Easy-Resize.com_.jpg 800w, https:\/\/www.tribunanf.com.br\/blogdoralfereis\/wp-content\/uploads\/sites\/11\/2022\/01\/castro-e-ceciliano_Easy-Resize.com_-300x188.jpg 300w, https:\/\/www.tribunanf.com.br\/blogdoralfereis\/wp-content\/uploads\/sites\/11\/2022\/01\/castro-e-ceciliano_Easy-Resize.com_-768x480.jpg 768w\" sizes=\"auto, (max-width: 800px) 100vw, 800px\" \/><\/p>\n<p style=\"text-align: justify;\">O governador Cl\u00e1udio Castro colocou seu rolo compressor da Assembleia Legislativa do Rio de Janeiro e conseguiu manter o veto parcial a lei 5.181\/21, que trata sobre o Sistema de Prote\u00e7\u00e3o Social dos Militares. A vota\u00e7\u00e3o, na tarde desta quarta-feira (5) em sess\u00e3o extraordin\u00e1ria, foi de 43 x 24 pela manuten\u00e7\u00e3o do veto. O governador chegou a exonerar deputados que estavam exercendo cargo de secret\u00e1rio para vota\u00e7\u00e3o.<\/p>\n<p style=\"text-align: justify;\">\u00c9 uma grande derrota para o presidente da Alerj Andr\u00e9 Ceciliano, que convocou a sess\u00e3o extraordin\u00e1ria para tentar derrubar o veto. Cl\u00e1udio Castro venceu a primeira batalha contra Ceciliano. Mas ter\u00e1 forte rejei\u00e7\u00e3o dos militares.<\/p>\n<p style=\"text-align: justify;\">A medida \u00e9 uma exig\u00eancia da legisla\u00e7\u00e3o federal e altera diversas regras previdenci\u00e1rias para os bombeiros e policiais militares. A norma foi sancionada com seis trechos vetados pelo governador Cl\u00e1udio Castro no dia 30 de dezembro, tornando-se a Lei 9.537\/21.<\/p>\n<p class=\"margintop11\" style=\"text-align: justify;\">Os principais trechos vetados pelo governador dizem respeito a uma melhor Gratifica\u00e7\u00e3o de Regime Especial de Trabalho, conhecida como Gret, \u00e0s pra\u00e7as. Esta gratifica\u00e7\u00e3o \u00e9 para recompensar o permanente desgaste f\u00edsico e ps\u00edquico provocado pela elevada tens\u00e3o emocional inerente \u00e0 profiss\u00e3o. O tema foi amplamente debatido pela Alerj, e o texto final aprovado em plen\u00e1rio garantiu uma Gret \u00e0s pra\u00e7as de 150% do soldo, ainda inferior aos 192,50% dos oficiais superiores. O valor da gratifica\u00e7\u00e3o das pra\u00e7as atualmente \u00e9 de 122,50%.<\/p>\n<p class=\"margintop11\" style=\"text-align: justify;\">Segundo o texto aprovado pela Alerj, o aumento seria escalonado, sendo de 135% a partir de 2022 e de 150% a partir de 2023. O governo justificou o veto destacando o impacto econ\u00f4mico-financeiro da medida e o risco da sa\u00edda do Estado do Rio do Regime de Recupera\u00e7\u00e3o Fiscal (RRF). No entanto, o Executivo tamb\u00e9m editou o Decreto 47.902\/21, que garante o aumento de 150% das pra\u00e7as, mas muda o escalonamento. De acordo com o decreto, ao inv\u00e9s dos dois anos, o escalonamento passa a ser de cinco anos. Em 2022, a gratifica\u00e7\u00e3o seria de 128%; em 2023 seria de 133,5%; em 2024 seria de 139%; em 2025 de 144,5% e somente em 2026 atingiria os 150%.<\/p>\n<p class=\"margintop11\" style=\"text-align: justify;\">O governo tamb\u00e9m vetou o trecho que garantia que o soldo dos militares fosse corrigido anualmente, com base no IPCA acumulado do ano. Ainda foi vetada a contagem para tempo de aposentadoria do servi\u00e7o p\u00fablico homologado. Por fim, ainda foram vetados artigos que garantiam direitos \u00e0s regras antigas aos militares com data de efeito de inativa\u00e7\u00e3o at\u00e9 31 de dezembro deste ano, bem como aos que reunissem as condi\u00e7\u00f5es para aposentadoria at\u00e9 esta data.<\/p>\n","protected":false},"excerpt":{"rendered":"<p>O governador Cl\u00e1udio Castro colocou seu rolo compressor da Assembleia Legislativa do Rio de Janeiro e conseguiu manter o veto&#8230;<\/p>\n","protected":false},"author":2,"featured_media":8376,"comment_status":"open","ping_status":"open","sticky":false,"template":"","format":"standard","meta":{"colormag_page_container_layout":"default_layout","colormag_page_sidebar_layout":"default_layout","jetpack_post_was_ever_published":false,"_jetpack_newsletter_access":"","_jetpack_dont_email_post_to_subs":false,"_jetpack_newsletter_tier_id":0,"_jetpack_memberships_contains_paywalled_content":false,"_jetpack_memberships_contains_paid_content":false,"footnotes":""},"categories":[2],"tags":[],"class_list":["post-8375","post","type-post","status-publish","format-standard","has-post-thumbnail","hentry","category-politica"],"jetpack_featured_media_url":"https:\/\/www.tribunanf.com.br\/blogdoralfereis\/wp-content\/uploads\/sites\/11\/2022\/01\/castro-e-ceciliano_Easy-Resize.com_.jpg","jetpack_sharing_enabled":true,"_links":{"self":[{"href":"https:\/\/www.tribunanf.com.br\/blogdoralfereis\/wp-json\/wp\/v2\/posts\/8375","targetHints":{"allow":["GET"]}}],"collection":[{"href":"https:\/\/www.tribunanf.com.br\/blogdoralfereis\/wp-json\/wp\/v2\/posts"}],"about":[{"href":"https:\/\/www.tribunanf.com.br\/blogdoralfereis\/wp-json\/wp\/v2\/types\/post"}],"author":[{"embeddable":true,"href":"https:\/\/www.tribunanf.com.br\/blogdoralfereis\/wp-json\/wp\/v2\/users\/2"}],"replies":[{"embeddable":true,"href":"https:\/\/www.tribunanf.com.br\/blogdoralfereis\/wp-json\/wp\/v2\/comments?post=8375"}],"version-history":[{"count":0,"href":"https:\/\/www.tribunanf.com.br\/blogdoralfereis\/wp-json\/wp\/v2\/posts\/8375\/revisions"}],"wp:featuredmedia":[{"embeddable":true,"href":"https:\/\/www.tribunanf.com.br\/blogdoralfereis\/wp-json\/wp\/v2\/media\/8376"}],"wp:attachment":[{"href":"https:\/\/www.tribunanf.com.br\/blogdoralfereis\/wp-json\/wp\/v2\/media?parent=8375"}],"wp:term":[{"taxonomy":"category","embeddable":true,"href":"https:\/\/www.tribunanf.com.br\/blogdoralfereis\/wp-json\/wp\/v2\/categories?post=8375"},{"taxonomy":"post_tag","embeddable":true,"href":"https:\/\/www.tribunanf.com.br\/blogdoralfereis\/wp-json\/wp\/v2\/tags?post=8375"}],"curies":[{"name":"wp","href":"https:\/\/api.w.org\/{rel}","templated":true}]}}