{"id":8351,"date":"2021-12-29T19:14:56","date_gmt":"2021-12-29T22:14:56","guid":{"rendered":"https:\/\/www.tribunanf.com.br\/blogdoralfereis\/?p=8351"},"modified":"2021-12-29T19:14:56","modified_gmt":"2021-12-29T22:14:56","slug":"mpf-volta-a-levantar-o-caso-do-banco-do-brasil-com-os-sites-de-fake-news","status":"publish","type":"post","link":"https:\/\/www.tribunanf.com.br\/blogdoralfereis\/2021\/12\/29\/mpf-volta-a-levantar-o-caso-do-banco-do-brasil-com-os-sites-de-fake-news\/","title":{"rendered":"MPF volta a levantar o caso do Banco do Brasil com os sites de fake news"},"content":{"rendered":"<p><img loading=\"lazy\" decoding=\"async\" class=\"aligncenter size-full wp-image-3515\" src=\"https:\/\/www.tribunanf.com.br\/blogdoralfereis\/wp-content\/uploads\/sites\/11\/2020\/03\/fake-news.jpg\" alt=\"\" width=\"888\" height=\"500\" srcset=\"https:\/\/www.tribunanf.com.br\/blogdoralfereis\/wp-content\/uploads\/sites\/11\/2020\/03\/fake-news.jpg 888w, https:\/\/www.tribunanf.com.br\/blogdoralfereis\/wp-content\/uploads\/sites\/11\/2020\/03\/fake-news-300x169.jpg 300w, https:\/\/www.tribunanf.com.br\/blogdoralfereis\/wp-content\/uploads\/sites\/11\/2020\/03\/fake-news-768x432.jpg 768w\" sizes=\"auto, (max-width: 888px) 100vw, 888px\" \/><\/p>\n<p style=\"text-align: justify;\">O Minist\u00e9rio P\u00fablico Federal (MPF), atrav\u00e9s do procurador da Rep\u00fablica Marcelo Ribeira de Oliveira, solicitou ao Tribunal de Contas da Uni\u00e3o (TCU) que compartilhe as informa\u00e7\u00f5es do processo iniciado em 2020 que analisava as verbas investidas pelo Banco do Brasil em sites acusados de disseminar fake news. A solicita\u00e7\u00e3o foi deferida pelo ministro do TCU, Bruno Dantas.<\/p>\n<p style=\"text-align: justify;\">A pol\u00eamica remonta aos tempos em que a Secretaria de Comunica\u00e7\u00e3o da Presid\u00eancia (Secom-PR) tinha \u00e0 frente Fabio Wajngarten. Em maio e junho daquele ano, o TCU chegou a suspender a publicidade do BB na internet, retornando no final do ano ap\u00f3s o banco se comprometer a regras mais r\u00edgidas de compliance na internet.<\/p>\n<p style=\"text-align: justify;\">\u201cConsidero pertinentes, por ora, as medidas que o Banco do Brasil vem implementando para evitar que sejam promovidas campanhas publicit\u00e1rias em ve\u00edculos e canais de comunica\u00e7\u00e3o inadequados\u201d, afirmou \u00e0 \u00e9poca Bruno Dantas, que entendeu que a restri\u00e7\u00e3o ao BB anunciar no mundo virtual \u201cestaria causando real dano \u00e0 institui\u00e7\u00e3o tendo em vista que a publicidade em sites ser indispens\u00e1vel para a capta\u00e7\u00e3o de sua clientela\u201d.<\/p>\n<p style=\"text-align: justify;\">Ainda n\u00e3o h\u00e1 informa\u00e7\u00f5es sobre o destino que Marcelo Ribeira de Oliveira pretende dar aos dados compartilhados do processo.<\/p>\n<p style=\"text-align: justify;\">Fonte: Janela<\/p>\n","protected":false},"excerpt":{"rendered":"<p>O Minist\u00e9rio P\u00fablico Federal (MPF), atrav\u00e9s do procurador da Rep\u00fablica Marcelo Ribeira de Oliveira, solicitou ao Tribunal de Contas da&#8230;<\/p>\n","protected":false},"author":2,"featured_media":3515,"comment_status":"open","ping_status":"open","sticky":false,"template":"","format":"standard","meta":{"colormag_page_container_layout":"default_layout","colormag_page_sidebar_layout":"default_layout","jetpack_post_was_ever_published":false,"_jetpack_newsletter_access":"","_jetpack_dont_email_post_to_subs":false,"_jetpack_newsletter_tier_id":0,"_jetpack_memberships_contains_paywalled_content":false,"_jetpack_memberships_contains_paid_content":false,"footnotes":""},"categories":[2],"tags":[],"class_list":["post-8351","post","type-post","status-publish","format-standard","has-post-thumbnail","hentry","category-politica"],"jetpack_featured_media_url":"https:\/\/www.tribunanf.com.br\/blogdoralfereis\/wp-content\/uploads\/sites\/11\/2020\/03\/fake-news.jpg","jetpack_sharing_enabled":true,"_links":{"self":[{"href":"https:\/\/www.tribunanf.com.br\/blogdoralfereis\/wp-json\/wp\/v2\/posts\/8351","targetHints":{"allow":["GET"]}}],"collection":[{"href":"https:\/\/www.tribunanf.com.br\/blogdoralfereis\/wp-json\/wp\/v2\/posts"}],"about":[{"href":"https:\/\/www.tribunanf.com.br\/blogdoralfereis\/wp-json\/wp\/v2\/types\/post"}],"author":[{"embeddable":true,"href":"https:\/\/www.tribunanf.com.br\/blogdoralfereis\/wp-json\/wp\/v2\/users\/2"}],"replies":[{"embeddable":true,"href":"https:\/\/www.tribunanf.com.br\/blogdoralfereis\/wp-json\/wp\/v2\/comments?post=8351"}],"version-history":[{"count":0,"href":"https:\/\/www.tribunanf.com.br\/blogdoralfereis\/wp-json\/wp\/v2\/posts\/8351\/revisions"}],"wp:featuredmedia":[{"embeddable":true,"href":"https:\/\/www.tribunanf.com.br\/blogdoralfereis\/wp-json\/wp\/v2\/media\/3515"}],"wp:attachment":[{"href":"https:\/\/www.tribunanf.com.br\/blogdoralfereis\/wp-json\/wp\/v2\/media?parent=8351"}],"wp:term":[{"taxonomy":"category","embeddable":true,"href":"https:\/\/www.tribunanf.com.br\/blogdoralfereis\/wp-json\/wp\/v2\/categories?post=8351"},{"taxonomy":"post_tag","embeddable":true,"href":"https:\/\/www.tribunanf.com.br\/blogdoralfereis\/wp-json\/wp\/v2\/tags?post=8351"}],"curies":[{"name":"wp","href":"https:\/\/api.w.org\/{rel}","templated":true}]}}