{"id":8331,"date":"2021-12-27T20:22:18","date_gmt":"2021-12-27T23:22:18","guid":{"rendered":"https:\/\/www.tribunanf.com.br\/blogdoralfereis\/?p=8331"},"modified":"2021-12-27T20:22:18","modified_gmt":"2021-12-27T23:22:18","slug":"prefeitura-de-campos-vai-pagar-r-12-milhoes-por-laboratorio-de-ciencias-e-de-matematica","status":"publish","type":"post","link":"https:\/\/www.tribunanf.com.br\/blogdoralfereis\/2021\/12\/27\/prefeitura-de-campos-vai-pagar-r-12-milhoes-por-laboratorio-de-ciencias-e-de-matematica\/","title":{"rendered":"Prefeitura de Campos vai pagar R$ 12 milh\u00f5es por laborat\u00f3rio de ci\u00eancias e de matem\u00e1tica"},"content":{"rendered":"<p><img loading=\"lazy\" decoding=\"async\" class=\"aligncenter size-full wp-image-7045\" src=\"https:\/\/www.tribunanf.com.br\/blogdoralfereis\/wp-content\/uploads\/sites\/11\/2021\/06\/educacao.jpg\" alt=\"\" width=\"533\" height=\"400\" srcset=\"https:\/\/www.tribunanf.com.br\/blogdoralfereis\/wp-content\/uploads\/sites\/11\/2021\/06\/educacao.jpg 533w, https:\/\/www.tribunanf.com.br\/blogdoralfereis\/wp-content\/uploads\/sites\/11\/2021\/06\/educacao-300x225.jpg 300w\" sizes=\"auto, (max-width: 533px) 100vw, 533px\" \/><\/p>\n<p style=\"text-align: justify;\">A Secretaria de Educa\u00e7\u00e3o de Campos dos Goytacazes est\u00e1 com licita\u00e7\u00e3o aberta para aquisi\u00e7\u00e3o de kit completo de laborat\u00f3rio de ci\u00eancias e de matem\u00e1tica.<\/p>\n<p style=\"text-align: justify;\">A licita\u00e7\u00e3o, na modalidade Registro de Pre\u00e7os, est\u00e1 ocorrendo no site licitanet e consta como vencedora a proposta da empresa Brink Mobil Equipamentos Educacionais, cujo valor \u00e9 de <b>R$ 12.419.800,00.<\/b><\/p>\n<p>A empresa \u00e9 de Curitiba.<\/p>\n<p style=\"text-align: justify;\">Caso n\u00e3o ocorra impugna\u00e7\u00f5es, o resultado \u00e9 este: Confira o resultado (<a href=\"https:\/\/dv7rs78smtpx8.cloudfront.net\/reports\/pregao\/33826\/completo_relatorio_vencedores_pregao_completo_956254019.html\" target=\"_blank\" rel=\"noopener\">aqui<\/a>).<\/p>\n","protected":false},"excerpt":{"rendered":"<p>A Secretaria de Educa\u00e7\u00e3o de Campos dos Goytacazes est\u00e1 com licita\u00e7\u00e3o aberta para aquisi\u00e7\u00e3o de kit completo de laborat\u00f3rio de&#8230;<\/p>\n","protected":false},"author":2,"featured_media":7045,"comment_status":"open","ping_status":"open","sticky":false,"template":"","format":"standard","meta":{"colormag_page_container_layout":"default_layout","colormag_page_sidebar_layout":"default_layout","jetpack_post_was_ever_published":false,"_jetpack_newsletter_access":"","_jetpack_dont_email_post_to_subs":false,"_jetpack_newsletter_tier_id":0,"_jetpack_memberships_contains_paywalled_content":false,"_jetpack_memberships_contains_paid_content":false,"footnotes":""},"categories":[2],"tags":[],"class_list":["post-8331","post","type-post","status-publish","format-standard","has-post-thumbnail","hentry","category-politica"],"jetpack_featured_media_url":"https:\/\/www.tribunanf.com.br\/blogdoralfereis\/wp-content\/uploads\/sites\/11\/2021\/06\/educacao.jpg","jetpack_sharing_enabled":true,"_links":{"self":[{"href":"https:\/\/www.tribunanf.com.br\/blogdoralfereis\/wp-json\/wp\/v2\/posts\/8331","targetHints":{"allow":["GET"]}}],"collection":[{"href":"https:\/\/www.tribunanf.com.br\/blogdoralfereis\/wp-json\/wp\/v2\/posts"}],"about":[{"href":"https:\/\/www.tribunanf.com.br\/blogdoralfereis\/wp-json\/wp\/v2\/types\/post"}],"author":[{"embeddable":true,"href":"https:\/\/www.tribunanf.com.br\/blogdoralfereis\/wp-json\/wp\/v2\/users\/2"}],"replies":[{"embeddable":true,"href":"https:\/\/www.tribunanf.com.br\/blogdoralfereis\/wp-json\/wp\/v2\/comments?post=8331"}],"version-history":[{"count":0,"href":"https:\/\/www.tribunanf.com.br\/blogdoralfereis\/wp-json\/wp\/v2\/posts\/8331\/revisions"}],"wp:featuredmedia":[{"embeddable":true,"href":"https:\/\/www.tribunanf.com.br\/blogdoralfereis\/wp-json\/wp\/v2\/media\/7045"}],"wp:attachment":[{"href":"https:\/\/www.tribunanf.com.br\/blogdoralfereis\/wp-json\/wp\/v2\/media?parent=8331"}],"wp:term":[{"taxonomy":"category","embeddable":true,"href":"https:\/\/www.tribunanf.com.br\/blogdoralfereis\/wp-json\/wp\/v2\/categories?post=8331"},{"taxonomy":"post_tag","embeddable":true,"href":"https:\/\/www.tribunanf.com.br\/blogdoralfereis\/wp-json\/wp\/v2\/tags?post=8331"}],"curies":[{"name":"wp","href":"https:\/\/api.w.org\/{rel}","templated":true}]}}