{"id":8274,"date":"2021-12-16T13:44:19","date_gmt":"2021-12-16T16:44:19","guid":{"rendered":"https:\/\/www.tribunanf.com.br\/blogdoralfereis\/?p=8274"},"modified":"2021-12-16T13:44:19","modified_gmt":"2021-12-16T16:44:19","slug":"o-recado-de-claudio-castro-na-ultima-reuniao-do-ano-com-seus-secretarios","status":"publish","type":"post","link":"https:\/\/www.tribunanf.com.br\/blogdoralfereis\/2021\/12\/16\/o-recado-de-claudio-castro-na-ultima-reuniao-do-ano-com-seus-secretarios\/","title":{"rendered":"O recado de Cl\u00e1udio Castro na \u00faltima reuni\u00e3o do ano com seus secret\u00e1rios"},"content":{"rendered":"<p><img loading=\"lazy\" decoding=\"async\" class=\"aligncenter size-full wp-image-8275\" src=\"https:\/\/www.tribunanf.com.br\/blogdoralfereis\/wp-content\/uploads\/sites\/11\/2021\/12\/51374785920_7b1e5b7e40_o.jpg.jpg\" alt=\"\" width=\"680\" height=\"453\" srcset=\"https:\/\/www.tribunanf.com.br\/blogdoralfereis\/wp-content\/uploads\/sites\/11\/2021\/12\/51374785920_7b1e5b7e40_o.jpg.jpg 680w, https:\/\/www.tribunanf.com.br\/blogdoralfereis\/wp-content\/uploads\/sites\/11\/2021\/12\/51374785920_7b1e5b7e40_o.jpg-300x200.jpg 300w\" sizes=\"auto, (max-width: 680px) 100vw, 680px\" \/><\/p>\n<p style=\"text-align: justify;\">O governador do Rio, Cl\u00e1udio Castro (PL), reuniu seu secretariado no in\u00edcio da semana para um balan\u00e7o da sua gest\u00e3o, na \u00faltima reuni\u00e3o do tipo do ano. Entre os assuntos destacados esteve a previs\u00e3o or\u00e7ament\u00e1ria do estado para 2022 que, pela primeira vez em cinco anos, veio sem indica\u00e7\u00e3o de d\u00e9ficit.<\/p>\n<p style=\"text-align: justify;\">Para al\u00e9m do balan\u00e7o, Castro usou o momento para mandar recados do que espera de seus auxiliares no ano que vem, que ser\u00e1 de elei\u00e7\u00e3o e ele tentar\u00e1 se manter no cargo por mais um mandato. Coube ao secret\u00e1rio de Governo, Rodrigo Bacellar, passar a mensagem do chefe.<\/p>\n<p style=\"text-align: justify;\">Segundo pessoas que estiveram na reuni\u00e3o contaram ao Radar, Bacellar pediu muita aten\u00e7\u00e3o aos projetos das secretarias, \u00e0s atitudes dos auxiliares \u00e0 frente das pastas e \u00e0s declara\u00e7\u00f5es dadas \u00e0 imprensa no pr\u00f3ximo ano.<\/p>\n<p style=\"text-align: justify;\">Ele disse que para tudo o que for feito dentro do governo no ano que vem \u00e9 preciso que se tenha em conta que a gest\u00e3o de Castro estar\u00e1 sob escrut\u00ednio constante por causa da corrida eleitoral. Os advers\u00e1rios e a m\u00eddia estar\u00e3o atentos a poss\u00edveis deslizes, que poder\u00e3o ser expostos durante a campanha, o que o atual mandat\u00e1rio quer evitar a todo custo. No Pal\u00e1cio Guanabara \u00e9 sabido que como Castro \u00e9 o candidato a ser batido, os ataques poder\u00e3o vir de muitos lados.<\/p>\n<p style=\"text-align: justify;\">Um segundo recado de Bacellar em nome do governador teria sido ainda mais expl\u00edcito. \u201cEle disse basicamente que \u2018ou fecha com o projeto de reelei\u00e7\u00e3o do Castro ou a porta da rua est\u00e1 aberta&#8217;\u201d, contou um secret\u00e1rio ao Radar.<\/p>\n<p style=\"text-align: justify;\">Fonte: Radar Online, Veja.<\/p>\n","protected":false},"excerpt":{"rendered":"<p>O governador do Rio, Cl\u00e1udio Castro (PL), reuniu seu secretariado no in\u00edcio da semana para um balan\u00e7o da sua gest\u00e3o,&#8230;<\/p>\n","protected":false},"author":2,"featured_media":8275,"comment_status":"open","ping_status":"open","sticky":false,"template":"","format":"standard","meta":{"colormag_page_container_layout":"default_layout","colormag_page_sidebar_layout":"default_layout","jetpack_post_was_ever_published":false,"_jetpack_newsletter_access":"","_jetpack_dont_email_post_to_subs":false,"_jetpack_newsletter_tier_id":0,"_jetpack_memberships_contains_paywalled_content":false,"_jetpack_memberships_contains_paid_content":false,"footnotes":""},"categories":[2],"tags":[],"class_list":["post-8274","post","type-post","status-publish","format-standard","has-post-thumbnail","hentry","category-politica"],"jetpack_featured_media_url":"https:\/\/www.tribunanf.com.br\/blogdoralfereis\/wp-content\/uploads\/sites\/11\/2021\/12\/51374785920_7b1e5b7e40_o.jpg.jpg","jetpack_sharing_enabled":true,"_links":{"self":[{"href":"https:\/\/www.tribunanf.com.br\/blogdoralfereis\/wp-json\/wp\/v2\/posts\/8274","targetHints":{"allow":["GET"]}}],"collection":[{"href":"https:\/\/www.tribunanf.com.br\/blogdoralfereis\/wp-json\/wp\/v2\/posts"}],"about":[{"href":"https:\/\/www.tribunanf.com.br\/blogdoralfereis\/wp-json\/wp\/v2\/types\/post"}],"author":[{"embeddable":true,"href":"https:\/\/www.tribunanf.com.br\/blogdoralfereis\/wp-json\/wp\/v2\/users\/2"}],"replies":[{"embeddable":true,"href":"https:\/\/www.tribunanf.com.br\/blogdoralfereis\/wp-json\/wp\/v2\/comments?post=8274"}],"version-history":[{"count":0,"href":"https:\/\/www.tribunanf.com.br\/blogdoralfereis\/wp-json\/wp\/v2\/posts\/8274\/revisions"}],"wp:featuredmedia":[{"embeddable":true,"href":"https:\/\/www.tribunanf.com.br\/blogdoralfereis\/wp-json\/wp\/v2\/media\/8275"}],"wp:attachment":[{"href":"https:\/\/www.tribunanf.com.br\/blogdoralfereis\/wp-json\/wp\/v2\/media?parent=8274"}],"wp:term":[{"taxonomy":"category","embeddable":true,"href":"https:\/\/www.tribunanf.com.br\/blogdoralfereis\/wp-json\/wp\/v2\/categories?post=8274"},{"taxonomy":"post_tag","embeddable":true,"href":"https:\/\/www.tribunanf.com.br\/blogdoralfereis\/wp-json\/wp\/v2\/tags?post=8274"}],"curies":[{"name":"wp","href":"https:\/\/api.w.org\/{rel}","templated":true}]}}