{"id":8252,"date":"2021-12-15T21:26:51","date_gmt":"2021-12-16T00:26:51","guid":{"rendered":"https:\/\/www.tribunanf.com.br\/blogdoralfereis\/?p=8252"},"modified":"2021-12-15T21:32:40","modified_gmt":"2021-12-16T00:32:40","slug":"witzel-fui-absolvido-pela-alerj-agora-e-so-devolver-o-mandato-que-o-povo-elegeu","status":"publish","type":"post","link":"https:\/\/www.tribunanf.com.br\/blogdoralfereis\/2021\/12\/15\/witzel-fui-absolvido-pela-alerj-agora-e-so-devolver-o-mandato-que-o-povo-elegeu\/","title":{"rendered":"Witzel: &#8216;Fui absolvido pela Alerj. Agora \u00e9 s\u00f3 devolver o mandato que o povo elegeu&#8217;"},"content":{"rendered":"<p><img loading=\"lazy\" decoding=\"async\" class=\"aligncenter size-large wp-image-3425\" src=\"https:\/\/www.tribunanf.com.br\/blogdoralfereis\/wp-content\/uploads\/sites\/11\/2020\/02\/xwilson-witzel-em-seu-gabinete.jpg.pagespeed.ic_.OkR8sYt1x8-1024x615.jpg\" alt=\"\" width=\"800\" height=\"480\" srcset=\"https:\/\/www.tribunanf.com.br\/blogdoralfereis\/wp-content\/uploads\/sites\/11\/2020\/02\/xwilson-witzel-em-seu-gabinete.jpg.pagespeed.ic_.OkR8sYt1x8-1024x615.jpg 1024w, https:\/\/www.tribunanf.com.br\/blogdoralfereis\/wp-content\/uploads\/sites\/11\/2020\/02\/xwilson-witzel-em-seu-gabinete.jpg.pagespeed.ic_.OkR8sYt1x8-300x180.jpg 300w, https:\/\/www.tribunanf.com.br\/blogdoralfereis\/wp-content\/uploads\/sites\/11\/2020\/02\/xwilson-witzel-em-seu-gabinete.jpg.pagespeed.ic_.OkR8sYt1x8-768x461.jpg 768w, https:\/\/www.tribunanf.com.br\/blogdoralfereis\/wp-content\/uploads\/sites\/11\/2020\/02\/xwilson-witzel-em-seu-gabinete.jpg.pagespeed.ic_.OkR8sYt1x8.jpg 1086w\" sizes=\"auto, (max-width: 800px) 100vw, 800px\" \/><\/p>\n<p style=\"text-align: justify;\">O ex-governador Wilson Witzel comemorou nas redes sociais a aprova\u00e7\u00e3o de suas contas de 2020 na Assembleia Legislativa do Rio de Janeiro (Alerj).<\/p>\n<p style=\"text-align: justify;\">Leia mais:\u00a0<a title=\"Alerj aprova as contas de 2020 do governo de Wilson Witzel\" href=\"https:\/\/www.tribunanf.com.br\/alerj-aprova-as-contas-de-2020-do-governo-de-wilson-witzel\/\">Alerj aprova as contas de 2020 do governo de Wilson Witzel<\/a><\/p>\n<p style=\"text-align: justify;\">*FUI ABSOLVIDO PELA ALERJ.* Nada como o tempo! Deputados me inocentaram hj aprovando as contas da minha gest\u00e3o em 2020, especialmente da sa\u00fade. Agora \u00e9 s\u00f3 devolver o mandato que o povo elegeu. Deixem as urnas decidirem quem deve ser o Governador!&#8221;, disse o ex-governador.<\/p>\n<blockquote class=\"twitter-tweet\" data-width=\"550\" data-dnt=\"true\">\n<p lang=\"pt\" dir=\"ltr\">*FUI ABSOLVIDO PELA ALERJ.*<br \/>Nada como o tempo! Deputados me inocentaram hj aprovando as contas da minha gest\u00e3o em 2020, especialmente da sa\u00fade. Agora \u00e9 s\u00f3 devolver o mandado que o povo elegeu. Deixem as urnas decidirem quem deve ser o Governador!<\/p>\n<p>&mdash; Wilson Witzel (@wilsonwitzel) <a href=\"https:\/\/twitter.com\/wilsonwitzel\/status\/1471267787607842816?ref_src=twsrc%5Etfw\" target=\"_blank\" rel=\"noopener\">December 15, 2021<\/a><\/p><\/blockquote>\n<p><script async src=\"https:\/\/platform.twitter.com\/widgets.js\" charset=\"utf-8\"><\/script><\/p>\n<p>&nbsp;<\/p>\n","protected":false},"excerpt":{"rendered":"<p>O ex-governador Wilson Witzel comemorou nas redes sociais a aprova\u00e7\u00e3o de suas contas de 2020 na Assembleia Legislativa do Rio&#8230;<\/p>\n","protected":false},"author":2,"featured_media":3425,"comment_status":"open","ping_status":"open","sticky":false,"template":"","format":"standard","meta":{"colormag_page_container_layout":"default_layout","colormag_page_sidebar_layout":"default_layout","jetpack_post_was_ever_published":false,"_jetpack_newsletter_access":"","_jetpack_dont_email_post_to_subs":false,"_jetpack_newsletter_tier_id":0,"_jetpack_memberships_contains_paywalled_content":false,"_jetpack_memberships_contains_paid_content":false,"footnotes":""},"categories":[2],"tags":[],"class_list":["post-8252","post","type-post","status-publish","format-standard","has-post-thumbnail","hentry","category-politica"],"jetpack_featured_media_url":"https:\/\/www.tribunanf.com.br\/blogdoralfereis\/wp-content\/uploads\/sites\/11\/2020\/02\/xwilson-witzel-em-seu-gabinete.jpg.pagespeed.ic_.OkR8sYt1x8.jpg","jetpack_sharing_enabled":true,"_links":{"self":[{"href":"https:\/\/www.tribunanf.com.br\/blogdoralfereis\/wp-json\/wp\/v2\/posts\/8252","targetHints":{"allow":["GET"]}}],"collection":[{"href":"https:\/\/www.tribunanf.com.br\/blogdoralfereis\/wp-json\/wp\/v2\/posts"}],"about":[{"href":"https:\/\/www.tribunanf.com.br\/blogdoralfereis\/wp-json\/wp\/v2\/types\/post"}],"author":[{"embeddable":true,"href":"https:\/\/www.tribunanf.com.br\/blogdoralfereis\/wp-json\/wp\/v2\/users\/2"}],"replies":[{"embeddable":true,"href":"https:\/\/www.tribunanf.com.br\/blogdoralfereis\/wp-json\/wp\/v2\/comments?post=8252"}],"version-history":[{"count":0,"href":"https:\/\/www.tribunanf.com.br\/blogdoralfereis\/wp-json\/wp\/v2\/posts\/8252\/revisions"}],"wp:featuredmedia":[{"embeddable":true,"href":"https:\/\/www.tribunanf.com.br\/blogdoralfereis\/wp-json\/wp\/v2\/media\/3425"}],"wp:attachment":[{"href":"https:\/\/www.tribunanf.com.br\/blogdoralfereis\/wp-json\/wp\/v2\/media?parent=8252"}],"wp:term":[{"taxonomy":"category","embeddable":true,"href":"https:\/\/www.tribunanf.com.br\/blogdoralfereis\/wp-json\/wp\/v2\/categories?post=8252"},{"taxonomy":"post_tag","embeddable":true,"href":"https:\/\/www.tribunanf.com.br\/blogdoralfereis\/wp-json\/wp\/v2\/tags?post=8252"}],"curies":[{"name":"wp","href":"https:\/\/api.w.org\/{rel}","templated":true}]}}