{"id":8244,"date":"2021-12-15T17:15:53","date_gmt":"2021-12-15T20:15:53","guid":{"rendered":"https:\/\/www.tribunanf.com.br\/blogdoralfereis\/?p=8244"},"modified":"2021-12-15T17:15:53","modified_gmt":"2021-12-15T20:15:53","slug":"camara-vota-pacote-do-executivo-em-ultima-sessao-antes-do-recesso","status":"publish","type":"post","link":"https:\/\/www.tribunanf.com.br\/blogdoralfereis\/2021\/12\/15\/camara-vota-pacote-do-executivo-em-ultima-sessao-antes-do-recesso\/","title":{"rendered":"C\u00e2mara vota pacote do Executivo em \u00faltima sess\u00e3o antes do recesso"},"content":{"rendered":"<p><img loading=\"lazy\" decoding=\"async\" class=\"aligncenter size-large wp-image-463\" src=\"https:\/\/www.tribunanf.com.br\/blogdoralfereis\/wp-content\/uploads\/sites\/11\/2018\/07\/Camara-campos-1024x680.jpg\" alt=\"\" width=\"800\" height=\"531\" srcset=\"https:\/\/www.tribunanf.com.br\/blogdoralfereis\/wp-content\/uploads\/sites\/11\/2018\/07\/Camara-campos-1024x680.jpg 1024w, https:\/\/www.tribunanf.com.br\/blogdoralfereis\/wp-content\/uploads\/sites\/11\/2018\/07\/Camara-campos-300x199.jpg 300w, https:\/\/www.tribunanf.com.br\/blogdoralfereis\/wp-content\/uploads\/sites\/11\/2018\/07\/Camara-campos-768x510.jpg 768w, https:\/\/www.tribunanf.com.br\/blogdoralfereis\/wp-content\/uploads\/sites\/11\/2018\/07\/Camara-campos.jpg 1600w\" sizes=\"auto, (max-width: 800px) 100vw, 800px\" \/><\/p>\n<p style=\"text-align: justify;\">Na \u00faltima sess\u00e3o ordin\u00e1ria antes do recesso parlamentar, a C\u00e2mara Municipal de Campos dos Goytacazes vai votar nesta quarta-feira (15), importantes projetos encaminhados pelo Executivo. Entre eles, est\u00e1 o abono de R$2.000 que ser\u00e1 pago a todos os servidores em exerc\u00edcio e a Lei Or\u00e7ament\u00e1ria Anual (LOA) 2022.<\/p>\n<p style=\"text-align: justify;\">Anunciado pelo prefeito Wladimir Garotinho, o benef\u00edcio aos servidores consta no Projeto de Lei n\u00ba 0298\/2021, que disp\u00f5e sobre o pagamento de b\u00f4nus extraordin\u00e1rio aos servidores p\u00fablicos ativos do munic\u00edpio.<\/p>\n<p style=\"text-align: justify;\">A concess\u00e3o de Bolsas de Pesquisa Cient\u00edfica, Tecnol\u00f3gica, Extens\u00e3o e Empreendedorismo no munic\u00edpio ser\u00e1 regulamentada por meio do Projeto de Lei n\u00ba 0301\/202 que ser\u00e1 colocado em vota\u00e7\u00e3o nesta sess\u00e3o.<\/p>\n<p style=\"text-align: justify;\">Tamb\u00e9m ser\u00e1 regulamentada a elei\u00e7\u00e3o de diretor e vice-diretor das escolas municipais, conforme o Projeto de Lei n\u00ba 0302\/2021, que estabelece normas para processo de consulta eleitoral para provimento dos cargos de diretor e vice-diretor dos estabelecimentos de ensino p\u00fablico da rede municipal.<\/p>\n<p style=\"text-align: justify;\">Est\u00e1 previsto para entrar na pauta, ainda, o Projeto de Lei n\u00ba 0299\/2021, que autoriza o munic\u00edpio a promover cess\u00e3o de uso de 5.000 m\u00b2 de \u00e1rea, de parte do im\u00f3vel situado na Estrada de Campos \u2013 Farol de S\u00e3o Thom\u00e9. O local ser\u00e1 destinado \u00e0 cria\u00e7\u00e3o dos Centros Integrados de Pesquisa, Tecnologia e Forma\u00e7\u00e3o da Funda\u00e7\u00e3o de Apoio \u00e0 Escola T\u00e9cnica (FAETEC).<\/p>\n<p style=\"text-align: justify;\">J\u00e1 o Projeto de Lei Complementar n\u00ba 0300\/2021, que revoga o Art.396, Art.397, Art.398, Art.399, Art.400, Art.401, Art.402 e Art. 403 da Lei Complementar n.\u00ba 1 de 28 de setembro de 2017, visa revogar artigos em duplicidade e diverg\u00eancia no C\u00f3digo Tribut\u00e1rio Municipal.<\/p>\n<p style=\"text-align: justify;\">Al\u00e9m deste pacote, os vereadores tamb\u00e9m devem discutir e votar o Projeto de Lei n\u00ba 0165\/2021,da LOA 2022 e o Projeto de Lei n\u00ba 0166\/2021, que disp\u00f5e sobre a elabora\u00e7\u00e3o do Plano Plurianual (PPA) para o Quadri\u00eanio 2022\/2025.<\/p>\n","protected":false},"excerpt":{"rendered":"<p>Na \u00faltima sess\u00e3o ordin\u00e1ria antes do recesso parlamentar, a C\u00e2mara Municipal de Campos dos Goytacazes vai votar nesta quarta-feira (15),&#8230;<\/p>\n","protected":false},"author":2,"featured_media":463,"comment_status":"open","ping_status":"open","sticky":false,"template":"","format":"standard","meta":{"colormag_page_container_layout":"default_layout","colormag_page_sidebar_layout":"default_layout","jetpack_post_was_ever_published":false,"_jetpack_newsletter_access":"","_jetpack_dont_email_post_to_subs":false,"_jetpack_newsletter_tier_id":0,"_jetpack_memberships_contains_paywalled_content":false,"_jetpack_memberships_contains_paid_content":false,"footnotes":""},"categories":[2],"tags":[],"class_list":["post-8244","post","type-post","status-publish","format-standard","has-post-thumbnail","hentry","category-politica"],"jetpack_featured_media_url":"https:\/\/www.tribunanf.com.br\/blogdoralfereis\/wp-content\/uploads\/sites\/11\/2018\/07\/Camara-campos.jpg","jetpack_sharing_enabled":true,"_links":{"self":[{"href":"https:\/\/www.tribunanf.com.br\/blogdoralfereis\/wp-json\/wp\/v2\/posts\/8244","targetHints":{"allow":["GET"]}}],"collection":[{"href":"https:\/\/www.tribunanf.com.br\/blogdoralfereis\/wp-json\/wp\/v2\/posts"}],"about":[{"href":"https:\/\/www.tribunanf.com.br\/blogdoralfereis\/wp-json\/wp\/v2\/types\/post"}],"author":[{"embeddable":true,"href":"https:\/\/www.tribunanf.com.br\/blogdoralfereis\/wp-json\/wp\/v2\/users\/2"}],"replies":[{"embeddable":true,"href":"https:\/\/www.tribunanf.com.br\/blogdoralfereis\/wp-json\/wp\/v2\/comments?post=8244"}],"version-history":[{"count":0,"href":"https:\/\/www.tribunanf.com.br\/blogdoralfereis\/wp-json\/wp\/v2\/posts\/8244\/revisions"}],"wp:featuredmedia":[{"embeddable":true,"href":"https:\/\/www.tribunanf.com.br\/blogdoralfereis\/wp-json\/wp\/v2\/media\/463"}],"wp:attachment":[{"href":"https:\/\/www.tribunanf.com.br\/blogdoralfereis\/wp-json\/wp\/v2\/media?parent=8244"}],"wp:term":[{"taxonomy":"category","embeddable":true,"href":"https:\/\/www.tribunanf.com.br\/blogdoralfereis\/wp-json\/wp\/v2\/categories?post=8244"},{"taxonomy":"post_tag","embeddable":true,"href":"https:\/\/www.tribunanf.com.br\/blogdoralfereis\/wp-json\/wp\/v2\/tags?post=8244"}],"curies":[{"name":"wp","href":"https:\/\/api.w.org\/{rel}","templated":true}]}}