{"id":8220,"date":"2021-12-10T10:20:40","date_gmt":"2021-12-10T13:20:40","guid":{"rendered":"https:\/\/www.tribunanf.com.br\/blogdoralfereis\/?p=8220"},"modified":"2021-12-10T10:20:40","modified_gmt":"2021-12-10T13:20:40","slug":"medica-cubana-arleny-valdes-reassume-secretaria-de-saude-de-sjb","status":"publish","type":"post","link":"https:\/\/www.tribunanf.com.br\/blogdoralfereis\/2021\/12\/10\/medica-cubana-arleny-valdes-reassume-secretaria-de-saude-de-sjb\/","title":{"rendered":"M\u00e9dica Cubana Arleny Valdes reassume secretaria de Sa\u00fade de SJB"},"content":{"rendered":"<p><img loading=\"lazy\" decoding=\"async\" class=\"aligncenter size-full wp-image-2454\" src=\"https:\/\/www.tribunanf.com.br\/blogdoralfereis\/wp-content\/uploads\/sites\/11\/2019\/08\/carla-machado.jpg\" alt=\"\" width=\"726\" height=\"717\" srcset=\"https:\/\/www.tribunanf.com.br\/blogdoralfereis\/wp-content\/uploads\/sites\/11\/2019\/08\/carla-machado.jpg 726w, https:\/\/www.tribunanf.com.br\/blogdoralfereis\/wp-content\/uploads\/sites\/11\/2019\/08\/carla-machado-300x296.jpg 300w\" sizes=\"auto, (max-width: 726px) 100vw, 726px\" \/><\/p>\n<p style=\"text-align: justify;\">A prefeita de S\u00e3o Jo\u00e3o da Barra, Carla Machado, realizou nesta sexta-feira (10) v\u00e1rias mudan\u00e7as em seu secretariado.<\/p>\n<p style=\"text-align: justify;\">Entre as principais mudan\u00e7as, a m\u00e9dica Cubana Arleny Valdes reassume a secret\u00e1ria de Sa\u00fade.<\/p>\n<p style=\"text-align: justify;\">Em 2019, Arleny assumiu a sa\u00fade e ap\u00f3s um longo per\u00edodo \u00e0 frente da pasta foi para outra fun\u00e7\u00e3o. \u00c0 \u00e9poca, mat\u00e9ria de Tribuna NF anunciando a nomea\u00e7\u00e3o gerou repercuss\u00e3o internacional, sendo repercutido nos principais jornais de Cuba e Miami, e tamb\u00e9m de grandes sites no Brasil.<\/p>\n<p style=\"text-align: justify;\">Relembre nos links:<strong>\u00a0<a href=\"https:\/\/www.tribunanf.com.br\/medica-cubana-e-a-nova-secretaria-de-saude-de-sjb\/\">M\u00e9dica Cubana \u00e9 a nova secret\u00e1ria de Sa\u00fade de SJB<\/a> <\/strong><\/p>\n<p style=\"text-align: justify;\"><strong><a title=\"Imprensa de Cuba e Miami repercutem mat\u00e9ria do portal Tribuna NF sobre nomea\u00e7\u00e3o de cubana em SJB\" href=\"https:\/\/www.tribunanf.com.br\/blogdoralfereis\/2019\/08\/07\/imprensa-de-cuba-e-miami-repercutem-materia-do-portal-tribuna-nf-sobre-nomeacao-de-cubana-em-sjb\/\">Imprensa de Cuba e Miami repercutem mat\u00e9ria do portal Tribuna NF sobre nomea\u00e7\u00e3o de cubana em SJB<\/a><\/strong><\/p>\n<p style=\"text-align: justify;\">Al\u00e9m do retorno de Arleny para a secretaria de Sa\u00fade, Carla Machado tamb\u00e9m fez altera\u00e7\u00f5es outras pastas do governo.<\/p>\n<p style=\"text-align: justify;\">Link:<strong> <a href=\"https:\/\/www.tribunanf.com.br\/blogdoralfereis\/wp-content\/uploads\/sites\/11\/2021\/12\/diario_oficial_10122021_1639139101.pdf\">diario_oficial_10122021_1639139101<\/a><\/strong><\/p>\n","protected":false},"excerpt":{"rendered":"<p>A prefeita de S\u00e3o Jo\u00e3o da Barra, Carla Machado, realizou nesta sexta-feira (10) v\u00e1rias mudan\u00e7as em seu secretariado. Entre as&#8230;<\/p>\n","protected":false},"author":2,"featured_media":2454,"comment_status":"open","ping_status":"open","sticky":false,"template":"","format":"standard","meta":{"colormag_page_container_layout":"default_layout","colormag_page_sidebar_layout":"default_layout","jetpack_post_was_ever_published":false,"_jetpack_newsletter_access":"","_jetpack_dont_email_post_to_subs":false,"_jetpack_newsletter_tier_id":0,"_jetpack_memberships_contains_paywalled_content":false,"_jetpack_memberships_contains_paid_content":false,"footnotes":""},"categories":[2],"tags":[],"class_list":["post-8220","post","type-post","status-publish","format-standard","has-post-thumbnail","hentry","category-politica"],"jetpack_featured_media_url":"https:\/\/www.tribunanf.com.br\/blogdoralfereis\/wp-content\/uploads\/sites\/11\/2019\/08\/carla-machado.jpg","jetpack_sharing_enabled":true,"_links":{"self":[{"href":"https:\/\/www.tribunanf.com.br\/blogdoralfereis\/wp-json\/wp\/v2\/posts\/8220","targetHints":{"allow":["GET"]}}],"collection":[{"href":"https:\/\/www.tribunanf.com.br\/blogdoralfereis\/wp-json\/wp\/v2\/posts"}],"about":[{"href":"https:\/\/www.tribunanf.com.br\/blogdoralfereis\/wp-json\/wp\/v2\/types\/post"}],"author":[{"embeddable":true,"href":"https:\/\/www.tribunanf.com.br\/blogdoralfereis\/wp-json\/wp\/v2\/users\/2"}],"replies":[{"embeddable":true,"href":"https:\/\/www.tribunanf.com.br\/blogdoralfereis\/wp-json\/wp\/v2\/comments?post=8220"}],"version-history":[{"count":0,"href":"https:\/\/www.tribunanf.com.br\/blogdoralfereis\/wp-json\/wp\/v2\/posts\/8220\/revisions"}],"wp:featuredmedia":[{"embeddable":true,"href":"https:\/\/www.tribunanf.com.br\/blogdoralfereis\/wp-json\/wp\/v2\/media\/2454"}],"wp:attachment":[{"href":"https:\/\/www.tribunanf.com.br\/blogdoralfereis\/wp-json\/wp\/v2\/media?parent=8220"}],"wp:term":[{"taxonomy":"category","embeddable":true,"href":"https:\/\/www.tribunanf.com.br\/blogdoralfereis\/wp-json\/wp\/v2\/categories?post=8220"},{"taxonomy":"post_tag","embeddable":true,"href":"https:\/\/www.tribunanf.com.br\/blogdoralfereis\/wp-json\/wp\/v2\/tags?post=8220"}],"curies":[{"name":"wp","href":"https:\/\/api.w.org\/{rel}","templated":true}]}}