{"id":8201,"date":"2021-12-08T18:21:26","date_gmt":"2021-12-08T21:21:26","guid":{"rendered":"https:\/\/www.tribunanf.com.br\/blogdoralfereis\/?p=8201"},"modified":"2021-12-08T18:21:26","modified_gmt":"2021-12-08T21:21:26","slug":"campanha-do-laco-branco-na-camara-campos","status":"publish","type":"post","link":"https:\/\/www.tribunanf.com.br\/blogdoralfereis\/2021\/12\/08\/campanha-do-laco-branco-na-camara-campos\/","title":{"rendered":"Campanha do La\u00e7o Branco na C\u00e2mara Campos"},"content":{"rendered":"<p><img loading=\"lazy\" decoding=\"async\" class=\"aligncenter size-large wp-image-8202\" src=\"https:\/\/www.tribunanf.com.br\/blogdoralfereis\/wp-content\/uploads\/sites\/11\/2021\/12\/Palestra-08-12-21-CH_Easy-Resize.com_-1024x678.jpg\" alt=\"\" width=\"800\" height=\"530\" \/><\/p>\n<p style=\"text-align: justify;\">A conscientiza\u00e7\u00e3o sobre o fim da viol\u00eancia contra as mulheres foi tema de palestra realizada na C\u00e2mara Municipal de Campos dos Goytacazes nesta quarta-feira (08), pelo psic\u00f3logo S\u00e9rgio Alexandre S\u00e1. A a\u00e7\u00e3o da Subsecretaria de Pol\u00edticas para Mulheres faz parte da Campanha do La\u00e7o Branco que acontece em diferentes pa\u00edses.<\/p>\n<p style=\"text-align: justify;\">S\u00e9rgio Alexandre S\u00e1 falou sobre a origem do movimento e sobre a import\u00e2ncia da atua\u00e7\u00e3o dos homens na campanha. \u201cHoje, aqui, \u00e9 um exemplo em que a gente pode trazer esse combate \u00e0 tona. Trazer esse debate\u201d, disse. Ele explicou que \u00e9 preciso que os homens observem as atitudes no cotidiano e tamb\u00e9m ajudem cada mulher que passe por uma situa\u00e7\u00e3o de viol\u00eancia.<\/p>\n<p style=\"text-align: justify;\">A subsecret\u00e1ria Josiane Borges agradeceu a explana\u00e7\u00e3o e falou sobre a rede de apoio \u00e0 mulher, destacando a necessidade de um trabalho preventivo. \u201cQuando a gente fala de combate e preven\u00e7\u00e3o \u00e0 viol\u00eancia contra mulheres e meninas, em Campos a gente tem uma rede completa\u201d, disse. \u201cEssa luta \u00e9 da sociedade civil como um todo\u201d, concluiu.<\/p>\n<p style=\"text-align: justify;\">Ascom*<\/p>\n","protected":false},"excerpt":{"rendered":"<p>A conscientiza\u00e7\u00e3o sobre o fim da viol\u00eancia contra as mulheres foi tema de palestra realizada na C\u00e2mara Municipal de Campos&#8230;<\/p>\n","protected":false},"author":2,"featured_media":8202,"comment_status":"open","ping_status":"open","sticky":false,"template":"","format":"standard","meta":{"colormag_page_container_layout":"default_layout","colormag_page_sidebar_layout":"default_layout","jetpack_post_was_ever_published":false,"_jetpack_newsletter_access":"","_jetpack_dont_email_post_to_subs":false,"_jetpack_newsletter_tier_id":0,"_jetpack_memberships_contains_paywalled_content":false,"_jetpack_memberships_contains_paid_content":false,"footnotes":""},"categories":[2],"tags":[],"class_list":["post-8201","post","type-post","status-publish","format-standard","has-post-thumbnail","hentry","category-politica"],"jetpack_featured_media_url":"https:\/\/www.tribunanf.com.br\/blogdoralfereis\/wp-content\/uploads\/sites\/11\/2021\/12\/Palestra-08-12-21-CH_Easy-Resize.com_-e1638998467815.jpg","jetpack_sharing_enabled":true,"_links":{"self":[{"href":"https:\/\/www.tribunanf.com.br\/blogdoralfereis\/wp-json\/wp\/v2\/posts\/8201","targetHints":{"allow":["GET"]}}],"collection":[{"href":"https:\/\/www.tribunanf.com.br\/blogdoralfereis\/wp-json\/wp\/v2\/posts"}],"about":[{"href":"https:\/\/www.tribunanf.com.br\/blogdoralfereis\/wp-json\/wp\/v2\/types\/post"}],"author":[{"embeddable":true,"href":"https:\/\/www.tribunanf.com.br\/blogdoralfereis\/wp-json\/wp\/v2\/users\/2"}],"replies":[{"embeddable":true,"href":"https:\/\/www.tribunanf.com.br\/blogdoralfereis\/wp-json\/wp\/v2\/comments?post=8201"}],"version-history":[{"count":0,"href":"https:\/\/www.tribunanf.com.br\/blogdoralfereis\/wp-json\/wp\/v2\/posts\/8201\/revisions"}],"wp:featuredmedia":[{"embeddable":true,"href":"https:\/\/www.tribunanf.com.br\/blogdoralfereis\/wp-json\/wp\/v2\/media\/8202"}],"wp:attachment":[{"href":"https:\/\/www.tribunanf.com.br\/blogdoralfereis\/wp-json\/wp\/v2\/media?parent=8201"}],"wp:term":[{"taxonomy":"category","embeddable":true,"href":"https:\/\/www.tribunanf.com.br\/blogdoralfereis\/wp-json\/wp\/v2\/categories?post=8201"},{"taxonomy":"post_tag","embeddable":true,"href":"https:\/\/www.tribunanf.com.br\/blogdoralfereis\/wp-json\/wp\/v2\/tags?post=8201"}],"curies":[{"name":"wp","href":"https:\/\/api.w.org\/{rel}","templated":true}]}}