{"id":8178,"date":"2021-12-07T15:39:51","date_gmt":"2021-12-07T18:39:51","guid":{"rendered":"https:\/\/www.tribunanf.com.br\/blogdoralfereis\/?p=8178"},"modified":"2021-12-07T15:46:42","modified_gmt":"2021-12-07T18:46:42","slug":"controle-externo-do-tce-pede-afastamento-do-secretario-de-administracao-wainer-teixeira-conselheiro-abre-prazo-para-defesa","status":"publish","type":"post","link":"https:\/\/www.tribunanf.com.br\/blogdoralfereis\/2021\/12\/07\/controle-externo-do-tce-pede-afastamento-do-secretario-de-administracao-wainer-teixeira-conselheiro-abre-prazo-para-defesa\/","title":{"rendered":"Controle Externo do TCE pede afastamento do secret\u00e1rio de Administra\u00e7\u00e3o Wainer Teixeira; conselheiro abre prazo para defesa"},"content":{"rendered":"<p><img loading=\"lazy\" decoding=\"async\" class=\"aligncenter size-full wp-image-8181\" src=\"https:\/\/www.tribunanf.com.br\/blogdoralfereis\/wp-content\/uploads\/sites\/11\/2021\/12\/68893898_2349898588379280_2914604685836943360_n.jpg\" alt=\"\" width=\"960\" height=\"640\" srcset=\"https:\/\/www.tribunanf.com.br\/blogdoralfereis\/wp-content\/uploads\/sites\/11\/2021\/12\/68893898_2349898588379280_2914604685836943360_n.jpg 960w, https:\/\/www.tribunanf.com.br\/blogdoralfereis\/wp-content\/uploads\/sites\/11\/2021\/12\/68893898_2349898588379280_2914604685836943360_n-300x200.jpg 300w, https:\/\/www.tribunanf.com.br\/blogdoralfereis\/wp-content\/uploads\/sites\/11\/2021\/12\/68893898_2349898588379280_2914604685836943360_n-768x512.jpg 768w\" sizes=\"auto, (max-width: 960px) 100vw, 960px\" \/><\/p>\n<p style=\"text-align: justify;\">A Secretaria Geral de Controle Externo \u2013 1\u00aa Coordenadoria de Auditoria de Pessoal do Tribunal de Contas do Estado pediu o afastamento do secret\u00e1rio de Administra\u00e7\u00e3o de Campos dos Goytacazes, Wainer Teixeira de Castro, por suposta acumula\u00e7\u00e3o indevida de fun\u00e7\u00f5es de secret\u00e1rio municipal e Diretor de Pessoal da Funda\u00e7\u00e3o Benedito Pereira Nunes.<\/p>\n<p style=\"text-align: justify;\">O conselheiro Marcelo Verdini Maia indeferiu o pedido de tutela de urg\u00eancia que pedia o afastamento imediato de Wainer.<\/p>\n<p style=\"text-align: justify;\">Narra a Representante que a irregularidade da acumula\u00e7\u00e3o \u00e9 corroborada pelo Relat\u00f3rio Interno de Informa\u00e7\u00f5es fornecido pela Coordenadoria de Informa\u00e7\u00f5es Estrat\u00e9gicas para o Controle Externo (REINFInt TCE-RJ\/SGE\/CIC n\u00ba 013\/2021), bem como pelas informa\u00e7\u00f5es constantes de portais eletr\u00f4nicos municipais, locais onde identifica-se que o Sr. Wainer Teixeira de Castro assumiu o cargo de Secret\u00e1rio Municipal de Administra\u00e7\u00e3o e Recursos Humanos, S\u00edmbolo DAS 1, a contar de 01\/01\/2021, por meio da Portaria n\u00ba 073\/2021 (D.O municipal n\u00ba 754) e, paralelamente, integra a Diretoria de Gest\u00e3o de pessoas da Funda\u00e7\u00e3o Benedito Pereira Nunes.<\/p>\n<p style=\"text-align: justify;\">Segue aduzindo que o Estatuto dos servidores p\u00fablicos municipais de Campos dos Goytacazes (lei municipal n\u00ba 5427\/91) veda, em seu art. 135, inciso X, que o detentor de cargo p\u00fablico participe da administra\u00e7\u00e3o de entidade privada, ao mesmo tempo em que estabelece, em seu art. 20, par\u00e1grafo \u00fanico, a necessidade de dedica\u00e7\u00e3o integral como requisito para o exerc\u00edcio de cargo em comiss\u00e3o.<\/p>\n<p style=\"text-align: justify;\"><strong>O conselheiro divergiu da Secretaria Externa quanto ao pedido de tutela de urg\u00eancia:<\/strong><\/p>\n<p style=\"text-align: justify;\">&#8220;Com efeito, a concess\u00e3o, ou n\u00e3o, de tutela provis\u00f3ria, de natureza cautelar, exercida em sede de cogni\u00e7\u00e3o sum\u00e1ria, tem por base a exist\u00eancia de elementos que evidenciem a probabilidade do direito e o perigo do dano, conforme disp\u00f5e o artigo 300 do C\u00f3digo de Processo Civil (Lei Federal n\u00ba 13.105\/15) e o artigo 84-A do Regimento Interno desta Corte.<\/p>\n<p style=\"text-align: justify;\">Nesse contexto, os elementos indicados no relat\u00f3rio indicam a exist\u00eancia de ind\u00edcios de irregularidades na acumula\u00e7\u00e3o de cargos p\u00fablico e privado pelo Sr. Wainer Teixeira de Castro, que merecem ser aprofundados em sede de cogni\u00e7\u00e3o exauriente, permitindo-se ao Jurisdicionado a oportunidade de prestar esclarecimentos acerca das condi\u00e7\u00f5es de exerc\u00edcio dos aludidos cargos.<\/p>\n<p style=\"text-align: justify;\">Diante da medida dr\u00e1stica de afastamento postulada, \u00e9 prudente permitir a pr\u00e9via oitiva do titular do Munic\u00edpio, bem assim da autoridade representada, franqueando-lhes o exerc\u00edcio do contradit\u00f3rio participativo.<\/p>\n<p style=\"text-align: justify;\">Divirjo, nesse sentido, da narrativa da Representante com rela\u00e7\u00e3o ao risco de inefic\u00e1cia da decis\u00e3o de m\u00e9rito caso a medida cautelar n\u00e3o seja concedida inaudita altera pars. A Representante alega que o Jurisdicionado \u00e9 detentor de compet\u00eancias junto \u00e0 alta administra\u00e7\u00e3o municipal, o que lhe possibilitaria tomar decis\u00f5es relevantes e em preju\u00edzo da gest\u00e3o p\u00fablica. Ocorre que o prazo ora franqueado para a manifesta\u00e7\u00e3o das partes n\u00e3o agrava, a meu ver, o cen\u00e1rio j\u00e1 consolidado. Al\u00e9m disso, n\u00e3o se pode presumir que a autoridade representada passe, apenas em raz\u00e3o da ci\u00eancia da presente decis\u00e3o, a adotar medidas danosas ao interesse da Administra\u00e7\u00e3o municipal, medida que configuraria dolo e m\u00e1-f\u00e9, pass\u00edveis de sancionamento por esta Corte e por outras esferas de controle.<\/p>\n<p style=\"text-align: justify;\">Nesse contexto, \u00e0 luz dos fundamentos declinados, decido pelo indeferimento da tutela provis\u00f3ria pleiteada, sendo certo que o indeferimento da medida cautelar nesta oportunidade n\u00e3o obsta que sejam apuradas eventuais ilegalidades e\/ou preju\u00edzos causados \u00e0 gest\u00e3o municipal e impostas as respectivas san\u00e7\u00f5es aos gestores, o que ser\u00e1 oportunamente avaliado em cogni\u00e7\u00e3o exauriente.&#8221;, decidiu o conselheiro Marcelo Verdini.<\/p>\n<p>O espa\u00e7o est\u00e1 aberto para o secret\u00e1rio.<\/p>\n<p style=\"text-align: justify;\">Confira \u00e0 \u00edntegra: <a href=\"https:\/\/www.tribunanf.com.br\/blogdoralfereis\/wp-content\/uploads\/sites\/11\/2021\/12\/248918-2021_9-2.pdf\">TCE- Afastamento Wainer<\/a><\/p>\n","protected":false},"excerpt":{"rendered":"<p>A Secretaria Geral de Controle Externo \u2013 1\u00aa Coordenadoria de Auditoria de Pessoal do Tribunal de Contas do Estado pediu&#8230;<\/p>\n","protected":false},"author":2,"featured_media":8181,"comment_status":"open","ping_status":"open","sticky":false,"template":"","format":"standard","meta":{"colormag_page_container_layout":"default_layout","colormag_page_sidebar_layout":"default_layout","jetpack_post_was_ever_published":false,"_jetpack_newsletter_access":"","_jetpack_dont_email_post_to_subs":false,"_jetpack_newsletter_tier_id":0,"_jetpack_memberships_contains_paywalled_content":false,"_jetpack_memberships_contains_paid_content":false,"footnotes":""},"categories":[2],"tags":[],"class_list":["post-8178","post","type-post","status-publish","format-standard","has-post-thumbnail","hentry","category-politica"],"jetpack_featured_media_url":"https:\/\/www.tribunanf.com.br\/blogdoralfereis\/wp-content\/uploads\/sites\/11\/2021\/12\/68893898_2349898588379280_2914604685836943360_n.jpg","jetpack_sharing_enabled":true,"_links":{"self":[{"href":"https:\/\/www.tribunanf.com.br\/blogdoralfereis\/wp-json\/wp\/v2\/posts\/8178","targetHints":{"allow":["GET"]}}],"collection":[{"href":"https:\/\/www.tribunanf.com.br\/blogdoralfereis\/wp-json\/wp\/v2\/posts"}],"about":[{"href":"https:\/\/www.tribunanf.com.br\/blogdoralfereis\/wp-json\/wp\/v2\/types\/post"}],"author":[{"embeddable":true,"href":"https:\/\/www.tribunanf.com.br\/blogdoralfereis\/wp-json\/wp\/v2\/users\/2"}],"replies":[{"embeddable":true,"href":"https:\/\/www.tribunanf.com.br\/blogdoralfereis\/wp-json\/wp\/v2\/comments?post=8178"}],"version-history":[{"count":0,"href":"https:\/\/www.tribunanf.com.br\/blogdoralfereis\/wp-json\/wp\/v2\/posts\/8178\/revisions"}],"wp:featuredmedia":[{"embeddable":true,"href":"https:\/\/www.tribunanf.com.br\/blogdoralfereis\/wp-json\/wp\/v2\/media\/8181"}],"wp:attachment":[{"href":"https:\/\/www.tribunanf.com.br\/blogdoralfereis\/wp-json\/wp\/v2\/media?parent=8178"}],"wp:term":[{"taxonomy":"category","embeddable":true,"href":"https:\/\/www.tribunanf.com.br\/blogdoralfereis\/wp-json\/wp\/v2\/categories?post=8178"},{"taxonomy":"post_tag","embeddable":true,"href":"https:\/\/www.tribunanf.com.br\/blogdoralfereis\/wp-json\/wp\/v2\/tags?post=8178"}],"curies":[{"name":"wp","href":"https:\/\/api.w.org\/{rel}","templated":true}]}}