{"id":8149,"date":"2021-12-03T17:57:13","date_gmt":"2021-12-03T20:57:13","guid":{"rendered":"https:\/\/www.tribunanf.com.br\/blogdoralfereis\/?p=8149"},"modified":"2021-12-03T19:03:39","modified_gmt":"2021-12-03T22:03:39","slug":"prefeitura-de-campos-abre-processo-seletivo-para-professor-substituto-em-diversas-areas","status":"publish","type":"post","link":"https:\/\/www.tribunanf.com.br\/blogdoralfereis\/2021\/12\/03\/prefeitura-de-campos-abre-processo-seletivo-para-professor-substituto-em-diversas-areas\/","title":{"rendered":"Prefeitura de Campos abre Processo Seletivo para Professor substituto em diversas \u00e1reas"},"content":{"rendered":"<p><img loading=\"lazy\" decoding=\"async\" class=\"aligncenter size-full wp-image-7045\" src=\"https:\/\/www.tribunanf.com.br\/blogdoralfereis\/wp-content\/uploads\/sites\/11\/2021\/06\/educacao.jpg\" alt=\"\" width=\"533\" height=\"400\" srcset=\"https:\/\/www.tribunanf.com.br\/blogdoralfereis\/wp-content\/uploads\/sites\/11\/2021\/06\/educacao.jpg 533w, https:\/\/www.tribunanf.com.br\/blogdoralfereis\/wp-content\/uploads\/sites\/11\/2021\/06\/educacao-300x225.jpg 300w\" sizes=\"auto, (max-width: 533px) 100vw, 533px\" \/><\/p>\n<p style=\"text-align: justify;\">Por meio da Secretaria Municipal de Educa\u00e7\u00e3o, Ci\u00eancia e Tecnologia (Seduct), a Prefeitura de Campos abre Processo Seletivo Simplificado visando \u00e0 contrata\u00e7\u00e3o tempor\u00e1ria de professores para a rede municipal de ensino. A prova est\u00e1 prevista para acontecer no dia 19 deste m\u00eas. Ser\u00e3o 160 vagas para Professor I \/ 20 horas e 250 vagas para Professor II \/25 horas.<\/p>\n<p style=\"text-align: justify;\">H\u00e1 vagas para professor de Arte, Ci\u00eancias da Natureza, Geografia, Hist\u00f3ria, L\u00edngua Estrangeira, Matem\u00e1tica, L\u00edngua Portuguesa e Professor II.<\/p>\n<p style=\"text-align: justify;\">As inscri\u00e7\u00f5es podem ser feitas no link: <a href=\"https:\/\/www.pae-seduct-campos.com\/\" target=\"_blank\" rel=\"noopener\">https:\/\/www.pae-seduct-campos.com\/<\/a><\/p>\n<p style=\"text-align: justify;\">Confira o edital aqui:\u00a0<strong><a href=\"https:\/\/www.campos.rj.gov.br\/app\/assets\/diario-oficial\/link\/4920\" target=\"_blank\" rel=\"noopener\">Di\u00e1rio Oficial Campos<\/a><\/strong><\/p>\n<p style=\"text-align: justify;\">A validade do processo seletivo ser\u00e1 de 12 meses, podendo ser prorrogado por igual per\u00edodo, mediante interesse e necessidade da Administra\u00e7\u00e3o P\u00fablica.<\/p>\n","protected":false},"excerpt":{"rendered":"<p>Por meio da Secretaria Municipal de Educa\u00e7\u00e3o, Ci\u00eancia e Tecnologia (Seduct), a Prefeitura de Campos abre Processo Seletivo Simplificado visando&#8230;<\/p>\n","protected":false},"author":2,"featured_media":7045,"comment_status":"open","ping_status":"open","sticky":false,"template":"","format":"standard","meta":{"colormag_page_container_layout":"default_layout","colormag_page_sidebar_layout":"default_layout","jetpack_post_was_ever_published":false,"_jetpack_newsletter_access":"","_jetpack_dont_email_post_to_subs":false,"_jetpack_newsletter_tier_id":0,"_jetpack_memberships_contains_paywalled_content":false,"_jetpack_memberships_contains_paid_content":false,"footnotes":""},"categories":[2],"tags":[],"class_list":["post-8149","post","type-post","status-publish","format-standard","has-post-thumbnail","hentry","category-politica"],"jetpack_featured_media_url":"https:\/\/www.tribunanf.com.br\/blogdoralfereis\/wp-content\/uploads\/sites\/11\/2021\/06\/educacao.jpg","jetpack_sharing_enabled":true,"_links":{"self":[{"href":"https:\/\/www.tribunanf.com.br\/blogdoralfereis\/wp-json\/wp\/v2\/posts\/8149","targetHints":{"allow":["GET"]}}],"collection":[{"href":"https:\/\/www.tribunanf.com.br\/blogdoralfereis\/wp-json\/wp\/v2\/posts"}],"about":[{"href":"https:\/\/www.tribunanf.com.br\/blogdoralfereis\/wp-json\/wp\/v2\/types\/post"}],"author":[{"embeddable":true,"href":"https:\/\/www.tribunanf.com.br\/blogdoralfereis\/wp-json\/wp\/v2\/users\/2"}],"replies":[{"embeddable":true,"href":"https:\/\/www.tribunanf.com.br\/blogdoralfereis\/wp-json\/wp\/v2\/comments?post=8149"}],"version-history":[{"count":0,"href":"https:\/\/www.tribunanf.com.br\/blogdoralfereis\/wp-json\/wp\/v2\/posts\/8149\/revisions"}],"wp:featuredmedia":[{"embeddable":true,"href":"https:\/\/www.tribunanf.com.br\/blogdoralfereis\/wp-json\/wp\/v2\/media\/7045"}],"wp:attachment":[{"href":"https:\/\/www.tribunanf.com.br\/blogdoralfereis\/wp-json\/wp\/v2\/media?parent=8149"}],"wp:term":[{"taxonomy":"category","embeddable":true,"href":"https:\/\/www.tribunanf.com.br\/blogdoralfereis\/wp-json\/wp\/v2\/categories?post=8149"},{"taxonomy":"post_tag","embeddable":true,"href":"https:\/\/www.tribunanf.com.br\/blogdoralfereis\/wp-json\/wp\/v2\/tags?post=8149"}],"curies":[{"name":"wp","href":"https:\/\/api.w.org\/{rel}","templated":true}]}}