{"id":813,"date":"2018-09-08T12:04:12","date_gmt":"2018-09-08T15:04:12","guid":{"rendered":"http:\/\/www.tribunanf.com.br\/blogdoralfereis\/?p=813"},"modified":"2018-09-08T12:04:12","modified_gmt":"2018-09-08T15:04:12","slug":"br-101-terra-de-ninguem-campistas-passam-por-momento-de-terror-no-feriado","status":"publish","type":"post","link":"https:\/\/www.tribunanf.com.br\/blogdoralfereis\/2018\/09\/08\/br-101-terra-de-ninguem-campistas-passam-por-momento-de-terror-no-feriado\/","title":{"rendered":"BR-101, terra de ningu\u00e9m: campistas passam por momento de terror no feriado"},"content":{"rendered":"<p><img loading=\"lazy\" decoding=\"async\" class=\"aligncenter size-full wp-image-574\" src=\"http:\/\/www.tribunanf.com.br\/blogdoralfereis\/wp-content\/uploads\/sites\/11\/2018\/07\/br_101_duplicacao.jpg\" alt=\"\" width=\"620\" height=\"465\" srcset=\"https:\/\/www.tribunanf.com.br\/blogdoralfereis\/wp-content\/uploads\/sites\/11\/2018\/07\/br_101_duplicacao.jpg 620w, https:\/\/www.tribunanf.com.br\/blogdoralfereis\/wp-content\/uploads\/sites\/11\/2018\/07\/br_101_duplicacao-300x225.jpg 300w\" sizes=\"auto, (max-width: 620px) 100vw, 620px\" \/><\/p>\n<p>Do blog Ponto de Vista, de Christiano Abreu Barbosa<\/p>\n<p style=\"text-align: justify;\">No final de julho foi publicada aqui a nota &#8220;BR-101, terra de ningu\u00e9m&#8221;, retratando as p\u00e9ssimas condi\u00e7\u00f5es de seguran\u00e7a da rodovia, que exp\u00f5em a graves riscos campistas e usu\u00e1rios que ali trafegam, em especial na Niter\u00f3i-Manilha no trecho existente entre os kms 307 e 309, a &#8220;Terra de Ningu\u00e9m&#8221;, a &#8220;Faixa de Gaza&#8221; situada ao lado do Complexo do Salgueiro, em S\u00e3o Gon\u00e7alo.<\/p>\n<p style=\"text-align: justify;\">A onda de assaltos na BR-101 n\u00e3o para e j\u00e1 atingiu v\u00e1rios campistas que trafegam na rodovia. A mais nova v\u00edtima foi uma fam\u00edlia que vinha hoje \u00e0 tarde do Sul do pa\u00eds para o enterro de seu patriarca, um renomado e importante m\u00e9dico da cidade, em Campos. Ele faleceu ontem (quinta-feira) \u00e0 noite.<\/p>\n<p style=\"text-align: justify;\">O assalto ocorreu entre os kms 307 e 309, a &#8220;Terra de Ningu\u00e9m&#8221;, por volta de 14h00. A filha do falecido m\u00e9dico vinha, no sentido Rio-Campos, com o seu marido e suas duas filhas para o enterro do pai, ap\u00f3s ter pousado no aeroporto do Rio em v\u00f4o vindo de Curitiba.<\/p>\n<p style=\"text-align: justify;\">O ve\u00edculo, uma L-200, era conduzido por um motorista enviado por seu irm\u00e3o, o dono do ve\u00edculo. Na altura da &#8220;Terra de Ningu\u00e9m&#8221;, ao lado do Complexo do Salgueiro, houve um arrast\u00e3o, que chegou at\u00e9 a caminhonete. Eram 3 bandidos armados, que ordenaram, apontando armas, que o motorista e a fam\u00edlia sa\u00edssem do ve\u00edculo.<\/p>\n<p style=\"text-align: justify;\">A L-200 foi roubada, com todos os pertences pessoais das v\u00edtimas, como malas, telefones celulares, carteiras e documentos. Um outro motorista que assistiu a cena deu carona para que as v\u00edtimas registrassem o caso na Pol\u00edcia Rodovi\u00e1ria Federal e na 73\u00aa Delegacia de Pol\u00edcia, em S\u00e3o Gon\u00e7alo.<\/p>\n<p style=\"text-align: justify;\">A ocorr\u00eancia foi registrada e o seguro foi acionado, sendo necess\u00e1rio o envio de dois carros para que as v\u00edtimas do assalto pudessem ser resgatadas e levadas at\u00e9 Campos. O trauma psicol\u00f3gico, al\u00e9m do grande preju\u00edzo material, n\u00e3o parou por a\u00ed.<\/p>\n<p style=\"text-align: justify;\">Em fun\u00e7\u00e3o do enorme atraso gerado pelo assalto, o enterro teve que ser adiado e o vel\u00f3rio teve que ser estendido para que a fam\u00edlia pudesse enterrar seu ente querido em paz, o que somente ocorrer\u00e1 amanh\u00e3 de manh\u00e3. Na BR-101, infelizmente, n\u00e3o se tem paz, seja em vida ou seja ap\u00f3s a morte.<\/p>\n","protected":false},"excerpt":{"rendered":"<p>Do blog Ponto de Vista, de Christiano Abreu Barbosa No final de julho foi publicada aqui a nota &#8220;BR-101, terra&#8230;<\/p>\n","protected":false},"author":2,"featured_media":574,"comment_status":"open","ping_status":"open","sticky":false,"template":"","format":"standard","meta":{"colormag_page_container_layout":"default_layout","colormag_page_sidebar_layout":"default_layout","jetpack_post_was_ever_published":false,"_jetpack_newsletter_access":"","_jetpack_dont_email_post_to_subs":false,"_jetpack_newsletter_tier_id":0,"_jetpack_memberships_contains_paywalled_content":false,"_jetpack_memberships_contains_paid_content":false,"footnotes":""},"categories":[1],"tags":[],"class_list":["post-813","post","type-post","status-publish","format-standard","has-post-thumbnail","hentry","category-sem-categoria"],"jetpack_featured_media_url":"https:\/\/www.tribunanf.com.br\/blogdoralfereis\/wp-content\/uploads\/sites\/11\/2018\/07\/br_101_duplicacao.jpg","jetpack_sharing_enabled":true,"_links":{"self":[{"href":"https:\/\/www.tribunanf.com.br\/blogdoralfereis\/wp-json\/wp\/v2\/posts\/813","targetHints":{"allow":["GET"]}}],"collection":[{"href":"https:\/\/www.tribunanf.com.br\/blogdoralfereis\/wp-json\/wp\/v2\/posts"}],"about":[{"href":"https:\/\/www.tribunanf.com.br\/blogdoralfereis\/wp-json\/wp\/v2\/types\/post"}],"author":[{"embeddable":true,"href":"https:\/\/www.tribunanf.com.br\/blogdoralfereis\/wp-json\/wp\/v2\/users\/2"}],"replies":[{"embeddable":true,"href":"https:\/\/www.tribunanf.com.br\/blogdoralfereis\/wp-json\/wp\/v2\/comments?post=813"}],"version-history":[{"count":0,"href":"https:\/\/www.tribunanf.com.br\/blogdoralfereis\/wp-json\/wp\/v2\/posts\/813\/revisions"}],"wp:featuredmedia":[{"embeddable":true,"href":"https:\/\/www.tribunanf.com.br\/blogdoralfereis\/wp-json\/wp\/v2\/media\/574"}],"wp:attachment":[{"href":"https:\/\/www.tribunanf.com.br\/blogdoralfereis\/wp-json\/wp\/v2\/media?parent=813"}],"wp:term":[{"taxonomy":"category","embeddable":true,"href":"https:\/\/www.tribunanf.com.br\/blogdoralfereis\/wp-json\/wp\/v2\/categories?post=813"},{"taxonomy":"post_tag","embeddable":true,"href":"https:\/\/www.tribunanf.com.br\/blogdoralfereis\/wp-json\/wp\/v2\/tags?post=813"}],"curies":[{"name":"wp","href":"https:\/\/api.w.org\/{rel}","templated":true}]}}