{"id":8118,"date":"2021-11-26T12:39:57","date_gmt":"2021-11-26T15:39:57","guid":{"rendered":"https:\/\/www.tribunanf.com.br\/blogdoralfereis\/?p=8118"},"modified":"2021-11-26T12:39:57","modified_gmt":"2021-11-26T15:39:57","slug":"prefeitura-de-campos-anuncia-pagamento-de-novembro-e-2a-parcela-do-13-salario","status":"publish","type":"post","link":"https:\/\/www.tribunanf.com.br\/blogdoralfereis\/2021\/11\/26\/prefeitura-de-campos-anuncia-pagamento-de-novembro-e-2a-parcela-do-13-salario\/","title":{"rendered":"Prefeitura de Campos anuncia pagamento de novembro e 2\u00aa parcela do 13\u00b0 sal\u00e1rio"},"content":{"rendered":"<p><img loading=\"lazy\" decoding=\"async\" class=\"aligncenter size-large wp-image-7440\" src=\"https:\/\/www.tribunanf.com.br\/blogdoralfereis\/wp-content\/uploads\/sites\/11\/2021\/08\/prefeitura-campos-1024x682.jpg\" alt=\"\" width=\"800\" height=\"533\" \/><\/p>\n<p style=\"text-align: justify;\">A Prefeitura de Campos vai efetuar o pagamento dos servidores municipais referente ao m\u00eas de novembro, entre os dias 7 e 10 de dezembro. A segunda parcela do 13\u00ba sal\u00e1rio, que teve a primeira metade antecipada em outubro, ser\u00e1 paga no dia 15 de dezembro. Isso vai significar uma inje\u00e7\u00e3o de R$ 120 milh\u00f5es na economia local. Ao todo, este ano, ser\u00e3o pagas 15 folhas e meia de pessoal.<\/p>\n<p style=\"text-align: justify;\">No dia 7 receber\u00e3o os profissionais da Educa\u00e7\u00e3o. No dia seguinte, ser\u00e1 a vez dos aposentados e pensionistas. No dia 9, os servidores em geral; e no dia 10, os prestadores de servi\u00e7o do Regime de Pagamento Aut\u00f4nomo (RPA).<\/p>\n<p style=\"text-align: justify;\">O prefeito Wladimir Garotinho informou que o governo estar\u00e1 pagando 15 folhas e meia em 12 meses de arrecada\u00e7\u00e3o, incluindo os benef\u00edcios que n\u00e3o vinham sendo pagos aos servidores desde 2017, como aux\u00edlios funeral, natalidade, rescis\u00f5es e f\u00e9rias.<\/p>\n<p style=\"text-align: justify;\">\u201cLembro que quando assumi a Prefeitura, j\u00e1 nos primeiros dias de governo, nossa equipe encontrou uma d\u00edvida de R$ 106 milh\u00f5es referentes a pagamentos atrasados com os servidores, que foram os sal\u00e1rios de dezembro e parte do 13\u00ba sal\u00e1rio de 2020. Com muito esfor\u00e7o, conseguimos pagar estas folhas deixadas pelo governo anterior e estamos pagando em dia os nossos servidores, conseguindo, em v\u00e1rios meses, antecipar o cronograma\u201d, frisou o prefeito.<\/p>\n<p style=\"text-align: justify;\">CALEND\u00c1RIO<\/p>\n<p style=\"text-align: justify;\">07\/12 &#8211; Educa\u00e7\u00e3o<\/p>\n<p style=\"text-align: justify;\">08\/12 &#8211; Aposentados e Pensionistas<\/p>\n<p style=\"text-align: justify;\">09\/12 &#8211; Servidores Geral<\/p>\n<p style=\"text-align: justify;\">10\/12 \u2013 RPA<\/p>\n<p style=\"text-align: justify;\">15\/12 \u2013 Segunda parcela do 13\u00b0 sal\u00e1rio<\/p>\n<p style=\"text-align: justify;\">Subcom*<\/p>\n","protected":false},"excerpt":{"rendered":"<p>A Prefeitura de Campos vai efetuar o pagamento dos servidores municipais referente ao m\u00eas de novembro, entre os dias 7&#8230;<\/p>\n","protected":false},"author":2,"featured_media":7440,"comment_status":"open","ping_status":"open","sticky":false,"template":"","format":"standard","meta":{"colormag_page_container_layout":"default_layout","colormag_page_sidebar_layout":"default_layout","jetpack_post_was_ever_published":false,"_jetpack_newsletter_access":"","_jetpack_dont_email_post_to_subs":false,"_jetpack_newsletter_tier_id":0,"_jetpack_memberships_contains_paywalled_content":false,"_jetpack_memberships_contains_paid_content":false,"footnotes":""},"categories":[2],"tags":[],"class_list":["post-8118","post","type-post","status-publish","format-standard","has-post-thumbnail","hentry","category-politica"],"jetpack_featured_media_url":"https:\/\/www.tribunanf.com.br\/blogdoralfereis\/wp-content\/uploads\/sites\/11\/2021\/08\/prefeitura-campos-e1629389961928.jpg","jetpack_sharing_enabled":true,"_links":{"self":[{"href":"https:\/\/www.tribunanf.com.br\/blogdoralfereis\/wp-json\/wp\/v2\/posts\/8118","targetHints":{"allow":["GET"]}}],"collection":[{"href":"https:\/\/www.tribunanf.com.br\/blogdoralfereis\/wp-json\/wp\/v2\/posts"}],"about":[{"href":"https:\/\/www.tribunanf.com.br\/blogdoralfereis\/wp-json\/wp\/v2\/types\/post"}],"author":[{"embeddable":true,"href":"https:\/\/www.tribunanf.com.br\/blogdoralfereis\/wp-json\/wp\/v2\/users\/2"}],"replies":[{"embeddable":true,"href":"https:\/\/www.tribunanf.com.br\/blogdoralfereis\/wp-json\/wp\/v2\/comments?post=8118"}],"version-history":[{"count":0,"href":"https:\/\/www.tribunanf.com.br\/blogdoralfereis\/wp-json\/wp\/v2\/posts\/8118\/revisions"}],"wp:featuredmedia":[{"embeddable":true,"href":"https:\/\/www.tribunanf.com.br\/blogdoralfereis\/wp-json\/wp\/v2\/media\/7440"}],"wp:attachment":[{"href":"https:\/\/www.tribunanf.com.br\/blogdoralfereis\/wp-json\/wp\/v2\/media?parent=8118"}],"wp:term":[{"taxonomy":"category","embeddable":true,"href":"https:\/\/www.tribunanf.com.br\/blogdoralfereis\/wp-json\/wp\/v2\/categories?post=8118"},{"taxonomy":"post_tag","embeddable":true,"href":"https:\/\/www.tribunanf.com.br\/blogdoralfereis\/wp-json\/wp\/v2\/tags?post=8118"}],"curies":[{"name":"wp","href":"https:\/\/api.w.org\/{rel}","templated":true}]}}