{"id":8080,"date":"2021-11-21T19:45:56","date_gmt":"2021-11-21T22:45:56","guid":{"rendered":"https:\/\/www.tribunanf.com.br\/blogdoralfereis\/?p=8080"},"modified":"2021-11-21T19:45:56","modified_gmt":"2021-11-21T22:45:56","slug":"professores-contratados-de-campos-tambem-receberao-o-auxilio-tecnologico","status":"publish","type":"post","link":"https:\/\/www.tribunanf.com.br\/blogdoralfereis\/2021\/11\/21\/professores-contratados-de-campos-tambem-receberao-o-auxilio-tecnologico\/","title":{"rendered":"Professores contratados de Campos tamb\u00e9m receber\u00e3o o aux\u00edlio tecnol\u00f3gico"},"content":{"rendered":"<p><img loading=\"lazy\" decoding=\"async\" class=\"aligncenter size-full wp-image-6249\" src=\"https:\/\/www.tribunanf.com.br\/blogdoralfereis\/wp-content\/uploads\/sites\/11\/2021\/02\/wlad.jpg\" alt=\"\" width=\"984\" height=\"554\" srcset=\"https:\/\/www.tribunanf.com.br\/blogdoralfereis\/wp-content\/uploads\/sites\/11\/2021\/02\/wlad.jpg 984w, https:\/\/www.tribunanf.com.br\/blogdoralfereis\/wp-content\/uploads\/sites\/11\/2021\/02\/wlad-300x169.jpg 300w, https:\/\/www.tribunanf.com.br\/blogdoralfereis\/wp-content\/uploads\/sites\/11\/2021\/02\/wlad-768x432.jpg 768w\" sizes=\"auto, (max-width: 984px) 100vw, 984px\" \/><\/p>\n<p style=\"text-align: justify;\">Professores contratados tamb\u00e9m receber\u00e3o aux\u00edlio tecnol\u00f3gico de R$ 2 mil, segundo informou o prefeito Wladimir Garotinho, neste domingo (21). A quantia ser\u00e1 paga em cota \u00fanica tamb\u00e9m aos professores estatut\u00e1rios, diretores e vice-diretores, auxiliares de creche e de escola, auxiliares de Secretaria que atuam nas unidades escolares, servidores que atuam na sede da Secretaria Municipal de Educa\u00e7\u00e3o, Ci\u00eancia e Tecnologia (Seduct), bem como trabalhadores com fun\u00e7\u00e3o de Dire\u00e7\u00e3o e Assessoramento Superior (DAS) \u2013 vinculados \u00e0s unidades escolares ou \u00e0 Seduct, entre outros profissionais, como j\u00e1 havia anunciado o prefeito na semana passada.<\/p>\n<p style=\"text-align: justify;\">O objetivo, de acordo com o prefeito, \u00e9 oportunizar aos profissionais da educa\u00e7\u00e3o a aquisi\u00e7\u00e3o de equipamentos de inform\u00e1tica, dispositivos m\u00f3veis, materiais e ferramentas necess\u00e1rias para um ensino remoto de qualidade.<\/p>\n<p style=\"text-align: justify;\">Esse aux\u00edlio tecnol\u00f3gico n\u00e3o possui natureza salarial, ou seja, n\u00e3o se incorpora \u00e0 remunera\u00e7\u00e3o mensal do servidor. Ser\u00e1 pago com verba proveniente do Fundo de Manuten\u00e7\u00e3o e Desenvolvimento da Educa\u00e7\u00e3o B\u00e1sica (FUNDEB) e da fonte de recursos pr\u00f3prios do munic\u00edpio.<\/p>\n<p style=\"text-align: justify;\">Esses professores substitutos foram convocados este ano por meio do Processo Seletivo Simplificado n\u00ba 01\/2018, para retomada do contrato que havia sido suspenso em 2020. Ao todo foram chamados mais de 700 professores.<\/p>\n<p style=\"text-align: justify;\">Subcom*<\/p>\n","protected":false},"excerpt":{"rendered":"<p>Professores contratados tamb\u00e9m receber\u00e3o aux\u00edlio tecnol\u00f3gico de R$ 2 mil, segundo informou o prefeito Wladimir Garotinho, neste domingo (21). A&#8230;<\/p>\n","protected":false},"author":2,"featured_media":6249,"comment_status":"open","ping_status":"open","sticky":false,"template":"","format":"standard","meta":{"colormag_page_container_layout":"default_layout","colormag_page_sidebar_layout":"default_layout","jetpack_post_was_ever_published":false,"_jetpack_newsletter_access":"","_jetpack_dont_email_post_to_subs":false,"_jetpack_newsletter_tier_id":0,"_jetpack_memberships_contains_paywalled_content":false,"_jetpack_memberships_contains_paid_content":false,"footnotes":""},"categories":[2],"tags":[],"class_list":["post-8080","post","type-post","status-publish","format-standard","has-post-thumbnail","hentry","category-politica"],"jetpack_featured_media_url":"https:\/\/www.tribunanf.com.br\/blogdoralfereis\/wp-content\/uploads\/sites\/11\/2021\/02\/wlad.jpg","jetpack_sharing_enabled":true,"_links":{"self":[{"href":"https:\/\/www.tribunanf.com.br\/blogdoralfereis\/wp-json\/wp\/v2\/posts\/8080","targetHints":{"allow":["GET"]}}],"collection":[{"href":"https:\/\/www.tribunanf.com.br\/blogdoralfereis\/wp-json\/wp\/v2\/posts"}],"about":[{"href":"https:\/\/www.tribunanf.com.br\/blogdoralfereis\/wp-json\/wp\/v2\/types\/post"}],"author":[{"embeddable":true,"href":"https:\/\/www.tribunanf.com.br\/blogdoralfereis\/wp-json\/wp\/v2\/users\/2"}],"replies":[{"embeddable":true,"href":"https:\/\/www.tribunanf.com.br\/blogdoralfereis\/wp-json\/wp\/v2\/comments?post=8080"}],"version-history":[{"count":0,"href":"https:\/\/www.tribunanf.com.br\/blogdoralfereis\/wp-json\/wp\/v2\/posts\/8080\/revisions"}],"wp:featuredmedia":[{"embeddable":true,"href":"https:\/\/www.tribunanf.com.br\/blogdoralfereis\/wp-json\/wp\/v2\/media\/6249"}],"wp:attachment":[{"href":"https:\/\/www.tribunanf.com.br\/blogdoralfereis\/wp-json\/wp\/v2\/media?parent=8080"}],"wp:term":[{"taxonomy":"category","embeddable":true,"href":"https:\/\/www.tribunanf.com.br\/blogdoralfereis\/wp-json\/wp\/v2\/categories?post=8080"},{"taxonomy":"post_tag","embeddable":true,"href":"https:\/\/www.tribunanf.com.br\/blogdoralfereis\/wp-json\/wp\/v2\/tags?post=8080"}],"curies":[{"name":"wp","href":"https:\/\/api.w.org\/{rel}","templated":true}]}}