{"id":8076,"date":"2021-11-20T15:50:42","date_gmt":"2021-11-20T18:50:42","guid":{"rendered":"https:\/\/www.tribunanf.com.br\/blogdoralfereis\/?p=8076"},"modified":"2021-11-20T15:58:15","modified_gmt":"2021-11-20T18:58:15","slug":"funcionarios-da-enel-sao-flagrados-em-suposto-furto-de-luz-de-led-e-caso-termina-na-policia-em-campos","status":"publish","type":"post","link":"https:\/\/www.tribunanf.com.br\/blogdoralfereis\/2021\/11\/20\/funcionarios-da-enel-sao-flagrados-em-suposto-furto-de-luz-de-led-e-caso-termina-na-policia-em-campos\/","title":{"rendered":"Funcion\u00e1rios da Enel s\u00e3o flagrados em suposto furto de &#8220;luz&#8221; de led e caso termina na pol\u00edcia, em Campos"},"content":{"rendered":"<p><img loading=\"lazy\" decoding=\"async\" class=\"aligncenter size-full wp-image-8077\" src=\"https:\/\/www.tribunanf.com.br\/blogdoralfereis\/wp-content\/uploads\/sites\/11\/2021\/11\/2F430801-58D1-4D13-8AB6-4F75E633529C.jpeg\" alt=\"\" width=\"719\" height=\"597\" srcset=\"https:\/\/www.tribunanf.com.br\/blogdoralfereis\/wp-content\/uploads\/sites\/11\/2021\/11\/2F430801-58D1-4D13-8AB6-4F75E633529C.jpeg 719w, https:\/\/www.tribunanf.com.br\/blogdoralfereis\/wp-content\/uploads\/sites\/11\/2021\/11\/2F430801-58D1-4D13-8AB6-4F75E633529C-300x249.jpeg 300w\" sizes=\"auto, (max-width: 719px) 100vw, 719px\" \/><\/p>\n<p style=\"text-align: justify;\">Desde as primeiras horas da manh\u00e3 deste s\u00e1bado (20) circula fotos e v\u00eddeos de um suposto furto de l\u00e2mpadas de LED praticado por funcion\u00e1rios da concession\u00e1ria de energia Enel, em Campos dos Goytacazes. Os funcion\u00e1rios ainda n\u00e3o foram identificados.<\/p>\n<p style=\"text-align: justify;\">A coloca\u00e7\u00e3o de l\u00e2mpadas \u00e9 de responsabilidade da prefeitura.<\/p>\n<p style=\"text-align: justify;\">O munic\u00edpio registrou ocorr\u00eancia na pol\u00edcia.<\/p>\n<p style=\"text-align: justify;\">A Pol\u00edcia Civil deve deflagrar opera\u00e7\u00e3o de busca e apreens\u00e3o para recuperar o material.<\/p>\n<p>O espa\u00e7o est\u00e1 aberto para Enel se explicar.<\/p>\n","protected":false},"excerpt":{"rendered":"<p>Desde as primeiras horas da manh\u00e3 deste s\u00e1bado (20) circula fotos e v\u00eddeos de um suposto furto de l\u00e2mpadas de&#8230;<\/p>\n","protected":false},"author":2,"featured_media":8077,"comment_status":"open","ping_status":"open","sticky":false,"template":"","format":"standard","meta":{"colormag_page_container_layout":"default_layout","colormag_page_sidebar_layout":"default_layout","jetpack_post_was_ever_published":false,"_jetpack_newsletter_access":"","_jetpack_dont_email_post_to_subs":false,"_jetpack_newsletter_tier_id":0,"_jetpack_memberships_contains_paywalled_content":false,"_jetpack_memberships_contains_paid_content":false,"footnotes":""},"categories":[45],"tags":[],"class_list":["post-8076","post","type-post","status-publish","format-standard","has-post-thumbnail","hentry","category-variedade"],"jetpack_featured_media_url":"https:\/\/www.tribunanf.com.br\/blogdoralfereis\/wp-content\/uploads\/sites\/11\/2021\/11\/2F430801-58D1-4D13-8AB6-4F75E633529C.jpeg","jetpack_sharing_enabled":true,"_links":{"self":[{"href":"https:\/\/www.tribunanf.com.br\/blogdoralfereis\/wp-json\/wp\/v2\/posts\/8076","targetHints":{"allow":["GET"]}}],"collection":[{"href":"https:\/\/www.tribunanf.com.br\/blogdoralfereis\/wp-json\/wp\/v2\/posts"}],"about":[{"href":"https:\/\/www.tribunanf.com.br\/blogdoralfereis\/wp-json\/wp\/v2\/types\/post"}],"author":[{"embeddable":true,"href":"https:\/\/www.tribunanf.com.br\/blogdoralfereis\/wp-json\/wp\/v2\/users\/2"}],"replies":[{"embeddable":true,"href":"https:\/\/www.tribunanf.com.br\/blogdoralfereis\/wp-json\/wp\/v2\/comments?post=8076"}],"version-history":[{"count":0,"href":"https:\/\/www.tribunanf.com.br\/blogdoralfereis\/wp-json\/wp\/v2\/posts\/8076\/revisions"}],"wp:featuredmedia":[{"embeddable":true,"href":"https:\/\/www.tribunanf.com.br\/blogdoralfereis\/wp-json\/wp\/v2\/media\/8077"}],"wp:attachment":[{"href":"https:\/\/www.tribunanf.com.br\/blogdoralfereis\/wp-json\/wp\/v2\/media?parent=8076"}],"wp:term":[{"taxonomy":"category","embeddable":true,"href":"https:\/\/www.tribunanf.com.br\/blogdoralfereis\/wp-json\/wp\/v2\/categories?post=8076"},{"taxonomy":"post_tag","embeddable":true,"href":"https:\/\/www.tribunanf.com.br\/blogdoralfereis\/wp-json\/wp\/v2\/tags?post=8076"}],"curies":[{"name":"wp","href":"https:\/\/api.w.org\/{rel}","templated":true}]}}