{"id":7997,"date":"2021-11-09T19:02:42","date_gmt":"2021-11-09T22:02:42","guid":{"rendered":"https:\/\/www.tribunanf.com.br\/blogdoralfereis\/?p=7997"},"modified":"2021-11-09T19:04:43","modified_gmt":"2021-11-09T22:04:43","slug":"projeto-de-wladimir-que-aumenta-taxa-de-lixo-e-aprovado","status":"publish","type":"post","link":"https:\/\/www.tribunanf.com.br\/blogdoralfereis\/2021\/11\/09\/projeto-de-wladimir-que-aumenta-taxa-de-lixo-e-aprovado\/","title":{"rendered":"Projeto de Wladimir que aumenta taxa de lixo \u00e9 aprovado"},"content":{"rendered":"<p><img loading=\"lazy\" decoding=\"async\" class=\"aligncenter size-full wp-image-6249\" src=\"https:\/\/www.tribunanf.com.br\/blogdoralfereis\/wp-content\/uploads\/sites\/11\/2021\/02\/wlad.jpg\" alt=\"\" width=\"984\" height=\"554\" srcset=\"https:\/\/www.tribunanf.com.br\/blogdoralfereis\/wp-content\/uploads\/sites\/11\/2021\/02\/wlad.jpg 984w, https:\/\/www.tribunanf.com.br\/blogdoralfereis\/wp-content\/uploads\/sites\/11\/2021\/02\/wlad-300x169.jpg 300w, https:\/\/www.tribunanf.com.br\/blogdoralfereis\/wp-content\/uploads\/sites\/11\/2021\/02\/wlad-768x432.jpg 768w\" sizes=\"auto, (max-width: 984px) 100vw, 984px\" \/><\/p>\n<p style=\"text-align: justify;\">Por maioria dos votos, foi aprovado, na sess\u00e3o da C\u00e2mara Municipal de Campos desta ter\u00e7a-feira (9), o aumento na cobran\u00e7a da taxa de lixo. O projeto, de autoria do prefeito Wladimir Garotinho, tamb\u00e9m cria taxa de lixo para terrenos. Durante a discuss\u00e3o do projeto e criticado por alguns parlamentares, o vereador Dandinho de Rio Preto apresentou uma proposta pedindo encerramento das discuss\u00f5es, o que foi aprovado por maioria. Imediatamente, o presidente da Casa abriu a vota\u00e7\u00e3o do projeto de lei, o que foi aprovado por maioria.<\/p>\n<p style=\"text-align: justify;\">O vereador de oposi\u00e7\u00e3o Marquinhos Bacelar questionou a aprova\u00e7\u00e3o, pediu a recontagem dos votos.<\/p>\n<p style=\"text-align: justify;\">O presidente da Casa, vereador F\u00e1bio Ribeiro apresentou o detalhamento dos votos. Neste projeto o presidente n\u00e3o vota.<\/p>\n<p style=\"text-align: justify;\"><strong>10 Votos contr\u00e1rios:<\/strong> Abdo Neme, Anderson de Mattos, Marquinhos Bacellar, Fred Machado, Bruno Vianna, H\u00e9lio Nahim, Nildo Cardoso, Igor Pereira, Rafael Thuin e Rog\u00e9rio Matoso.<\/p>\n<p style=\"text-align: justify;\"><strong>14 Votos a favor:<\/strong> \u00c1lvaro Oliveira, Bruno Pez\u00e3o, Dandinho de Rio Preto, Diego Dias, Edson Batista, Cassiano Tavares, Leon Gomes, Luciano Rio Lu, Maycon Cruz, Marcione da Farm\u00e1cia, Marquinhos do Transporte, Pastor Marcos Elias, Silvinho Martins e Thiago Rangel.<\/p>\n","protected":false},"excerpt":{"rendered":"<p>Por maioria dos votos, foi aprovado, na sess\u00e3o da C\u00e2mara Municipal de Campos desta ter\u00e7a-feira (9), o aumento na cobran\u00e7a&#8230;<\/p>\n","protected":false},"author":2,"featured_media":6249,"comment_status":"open","ping_status":"open","sticky":false,"template":"","format":"standard","meta":{"colormag_page_container_layout":"default_layout","colormag_page_sidebar_layout":"default_layout","jetpack_post_was_ever_published":false,"_jetpack_newsletter_access":"","_jetpack_dont_email_post_to_subs":false,"_jetpack_newsletter_tier_id":0,"_jetpack_memberships_contains_paywalled_content":false,"_jetpack_memberships_contains_paid_content":false,"footnotes":""},"categories":[2],"tags":[],"class_list":["post-7997","post","type-post","status-publish","format-standard","has-post-thumbnail","hentry","category-politica"],"jetpack_featured_media_url":"https:\/\/www.tribunanf.com.br\/blogdoralfereis\/wp-content\/uploads\/sites\/11\/2021\/02\/wlad.jpg","jetpack_sharing_enabled":true,"_links":{"self":[{"href":"https:\/\/www.tribunanf.com.br\/blogdoralfereis\/wp-json\/wp\/v2\/posts\/7997","targetHints":{"allow":["GET"]}}],"collection":[{"href":"https:\/\/www.tribunanf.com.br\/blogdoralfereis\/wp-json\/wp\/v2\/posts"}],"about":[{"href":"https:\/\/www.tribunanf.com.br\/blogdoralfereis\/wp-json\/wp\/v2\/types\/post"}],"author":[{"embeddable":true,"href":"https:\/\/www.tribunanf.com.br\/blogdoralfereis\/wp-json\/wp\/v2\/users\/2"}],"replies":[{"embeddable":true,"href":"https:\/\/www.tribunanf.com.br\/blogdoralfereis\/wp-json\/wp\/v2\/comments?post=7997"}],"version-history":[{"count":0,"href":"https:\/\/www.tribunanf.com.br\/blogdoralfereis\/wp-json\/wp\/v2\/posts\/7997\/revisions"}],"wp:featuredmedia":[{"embeddable":true,"href":"https:\/\/www.tribunanf.com.br\/blogdoralfereis\/wp-json\/wp\/v2\/media\/6249"}],"wp:attachment":[{"href":"https:\/\/www.tribunanf.com.br\/blogdoralfereis\/wp-json\/wp\/v2\/media?parent=7997"}],"wp:term":[{"taxonomy":"category","embeddable":true,"href":"https:\/\/www.tribunanf.com.br\/blogdoralfereis\/wp-json\/wp\/v2\/categories?post=7997"},{"taxonomy":"post_tag","embeddable":true,"href":"https:\/\/www.tribunanf.com.br\/blogdoralfereis\/wp-json\/wp\/v2\/tags?post=7997"}],"curies":[{"name":"wp","href":"https:\/\/api.w.org\/{rel}","templated":true}]}}