{"id":7986,"date":"2021-11-08T17:04:34","date_gmt":"2021-11-08T20:04:34","guid":{"rendered":"https:\/\/www.tribunanf.com.br\/blogdoralfereis\/?p=7986"},"modified":"2021-11-08T17:04:34","modified_gmt":"2021-11-08T20:04:34","slug":"audio-valdemar-costa-neto-confirma-que-bolsonaro-fechou-com-o-pl","status":"publish","type":"post","link":"https:\/\/www.tribunanf.com.br\/blogdoralfereis\/2021\/11\/08\/audio-valdemar-costa-neto-confirma-que-bolsonaro-fechou-com-o-pl\/","title":{"rendered":"\u00c1udio: Valdemar Costa Neto confirma que Bolsonaro fechou com o PL"},"content":{"rendered":"<p><img loading=\"lazy\" decoding=\"async\" class=\"aligncenter size-full wp-image-7906\" src=\"https:\/\/www.tribunanf.com.br\/blogdoralfereis\/wp-content\/uploads\/sites\/11\/2021\/10\/valdemar.png\" alt=\"\" width=\"705\" height=\"395\" srcset=\"https:\/\/www.tribunanf.com.br\/blogdoralfereis\/wp-content\/uploads\/sites\/11\/2021\/10\/valdemar.png 705w, https:\/\/www.tribunanf.com.br\/blogdoralfereis\/wp-content\/uploads\/sites\/11\/2021\/10\/valdemar-300x168.png 300w\" sizes=\"auto, (max-width: 705px) 100vw, 705px\" \/><\/p>\n<p style=\"text-align: justify;\">O site O Antagonista divulgou um \u00e1udio que o dono do PL, Valdemar Costa Neto, enviou na tarde desta segunda-feira (8) ao seu principal assessor, <a href=\"https:\/\/www.tribunanf.com.br\/blogdoralfereis\/2021\/11\/08\/bolsonaro-deve-ingressar-no-pl-de-valdemar-costa-neto\/\">em meio \u00e0s not\u00edcias de que Jair Bolsonaro teria decidido se filiar ao partido.<\/a><\/p>\n<p style=\"text-align: justify;\">Segundo Valdemar, o presidente da Rep\u00fablica j\u00e1 avisou a Ciro Nogueira, presidente do PP e ministro-chefe da Casa Civil, que vai para o PL. Ambos os partidos disputavam o passe de Bolsonaro.<\/p>\n<p style=\"text-align: justify;\">\u201cEu sempre falo com o presidente, sempre tive contato com o Bolsonaro e agora as coisas andaram. (\u2026) Ele falou comigo hoje que falou com o Ciro, e o Ciro entendeu. E n\u00f3s vamos, ent\u00e3o, tocar para frente esse assunto. Vamos ver quando que vamos fazer essa filia\u00e7\u00e3o.\u201d<\/p>\n<p style=\"text-align: justify;\">Ou\u00e7a o \u00e1udio:<\/p>\n<audio class=\"wp-audio-shortcode\" id=\"audio-7986-1\" preload=\"none\" style=\"width: 100%;\" controls=\"controls\"><source type=\"audio\/ogg\" src=\"https:\/\/www.tribunanf.com.br\/blogdoralfereis\/wp-content\/uploads\/sites\/11\/2021\/11\/Valdemar.ogg?_=1\" \/><a href=\"https:\/\/www.tribunanf.com.br\/blogdoralfereis\/wp-content\/uploads\/sites\/11\/2021\/11\/Valdemar.ogg\">https:\/\/www.tribunanf.com.br\/blogdoralfereis\/wp-content\/uploads\/sites\/11\/2021\/11\/Valdemar.ogg<\/a><\/audio>\n","protected":false},"excerpt":{"rendered":"<p>O site O Antagonista divulgou um \u00e1udio que o dono do PL, Valdemar Costa Neto, enviou na tarde desta segunda-feira&#8230;<\/p>\n","protected":false},"author":2,"featured_media":7906,"comment_status":"open","ping_status":"open","sticky":false,"template":"","format":"standard","meta":{"colormag_page_container_layout":"default_layout","colormag_page_sidebar_layout":"default_layout","jetpack_post_was_ever_published":false,"_jetpack_newsletter_access":"","_jetpack_dont_email_post_to_subs":false,"_jetpack_newsletter_tier_id":0,"_jetpack_memberships_contains_paywalled_content":false,"_jetpack_memberships_contains_paid_content":false,"footnotes":""},"categories":[2],"tags":[],"class_list":["post-7986","post","type-post","status-publish","format-standard","has-post-thumbnail","hentry","category-politica"],"jetpack_featured_media_url":"https:\/\/www.tribunanf.com.br\/blogdoralfereis\/wp-content\/uploads\/sites\/11\/2021\/10\/valdemar.png","jetpack_sharing_enabled":true,"_links":{"self":[{"href":"https:\/\/www.tribunanf.com.br\/blogdoralfereis\/wp-json\/wp\/v2\/posts\/7986","targetHints":{"allow":["GET"]}}],"collection":[{"href":"https:\/\/www.tribunanf.com.br\/blogdoralfereis\/wp-json\/wp\/v2\/posts"}],"about":[{"href":"https:\/\/www.tribunanf.com.br\/blogdoralfereis\/wp-json\/wp\/v2\/types\/post"}],"author":[{"embeddable":true,"href":"https:\/\/www.tribunanf.com.br\/blogdoralfereis\/wp-json\/wp\/v2\/users\/2"}],"replies":[{"embeddable":true,"href":"https:\/\/www.tribunanf.com.br\/blogdoralfereis\/wp-json\/wp\/v2\/comments?post=7986"}],"version-history":[{"count":0,"href":"https:\/\/www.tribunanf.com.br\/blogdoralfereis\/wp-json\/wp\/v2\/posts\/7986\/revisions"}],"wp:featuredmedia":[{"embeddable":true,"href":"https:\/\/www.tribunanf.com.br\/blogdoralfereis\/wp-json\/wp\/v2\/media\/7906"}],"wp:attachment":[{"href":"https:\/\/www.tribunanf.com.br\/blogdoralfereis\/wp-json\/wp\/v2\/media?parent=7986"}],"wp:term":[{"taxonomy":"category","embeddable":true,"href":"https:\/\/www.tribunanf.com.br\/blogdoralfereis\/wp-json\/wp\/v2\/categories?post=7986"},{"taxonomy":"post_tag","embeddable":true,"href":"https:\/\/www.tribunanf.com.br\/blogdoralfereis\/wp-json\/wp\/v2\/tags?post=7986"}],"curies":[{"name":"wp","href":"https:\/\/api.w.org\/{rel}","templated":true}]}}