{"id":7964,"date":"2021-11-03T09:45:51","date_gmt":"2021-11-03T12:45:51","guid":{"rendered":"https:\/\/www.tribunanf.com.br\/blogdoralfereis\/?p=7964"},"modified":"2021-11-03T10:09:16","modified_gmt":"2021-11-03T13:09:16","slug":"claudio-castro-sanciona-lei-que-garante-isencao-do-icms-no-botijao-de-gas","status":"publish","type":"post","link":"https:\/\/www.tribunanf.com.br\/blogdoralfereis\/2021\/11\/03\/claudio-castro-sanciona-lei-que-garante-isencao-do-icms-no-botijao-de-gas\/","title":{"rendered":"Cl\u00e1udio Castro sanciona lei que garante isen\u00e7\u00e3o do ICMS no botij\u00e3o de g\u00e1s"},"content":{"rendered":"<p><img loading=\"lazy\" decoding=\"async\" class=\"aligncenter size-full wp-image-3416\" src=\"https:\/\/www.tribunanf.com.br\/blogdoralfereis\/wp-content\/uploads\/sites\/11\/2020\/02\/gas-de-cozinha.jpg\" alt=\"\" width=\"984\" height=\"617\" srcset=\"https:\/\/www.tribunanf.com.br\/blogdoralfereis\/wp-content\/uploads\/sites\/11\/2020\/02\/gas-de-cozinha.jpg 984w, https:\/\/www.tribunanf.com.br\/blogdoralfereis\/wp-content\/uploads\/sites\/11\/2020\/02\/gas-de-cozinha-300x188.jpg 300w, https:\/\/www.tribunanf.com.br\/blogdoralfereis\/wp-content\/uploads\/sites\/11\/2020\/02\/gas-de-cozinha-768x482.jpg 768w\" sizes=\"auto, (max-width: 984px) 100vw, 984px\" \/><\/p>\n<p style=\"text-align: justify;\">O governador do Rio, Cl\u00e1udio Castro, sancionou uma lei que garante a isen\u00e7\u00e3o do ICMS no botij\u00e3o de g\u00e1s. A al\u00edquota atual \u00e9 de 12% e o botij\u00e3o \u00e9 vendido por at\u00e9 R$ 130 em algumas regi\u00f5es do estado.<\/p>\n<p style=\"text-align: justify;\">O projeto de lei \u00e9 de autoria do deputado Rosenverg Reis (MDB).<\/p>\n<p style=\"text-align: justify;\">A expectativa \u00e9 que a isen\u00e7\u00e3o possa reduzir o pre\u00e7o final ao consumidor em cerca de R$ 15.<\/p>\n<p style=\"text-align: justify;\">Segundo o texto, para a concess\u00e3o do benef\u00edcio \u00e9 preciso que seja feito um conv\u00eanio junto ao Conselho Nacional de Pol\u00edtica Fazend\u00e1ria (Confaz). Tamb\u00e9m \u00e9 necess\u00e1rio que seja apresentado um estudo de impacto financeiro-or\u00e7ament\u00e1rio, &#8220;em observ\u00e2ncia ao artigo 113 do Ato das Disposi\u00e7\u00f5es Constitucionais Transit\u00f3rias, bem como ao artigo 16, inciso I, da Lei Complementar 101, de 04 de maio de 2000&#8221;.<\/p>\n<p style=\"text-align: justify;\">A nova lei \u00e9 decorrente do Projeto de Lei 4.405\/2021, aprovado pela Assembleia Legislativa do Rio (Alerj) no dia 6 de outubro.<\/p>\n<p style=\"text-align: justify;\">&#8220;A san\u00e7\u00e3o dessa lei \u00e9 de extrema import\u00e2ncia para baratear esse produto t\u00e3o essencial para as fam\u00edlias. Um botij\u00e3o custar mais de R$ 100 \u00e9 um absurdo para quem ganha um sal\u00e1rio m\u00ednimo (R$ 1.100), que tem tido dificuldade at\u00e9 para comprar comida. N\u00e3o podemos ver pessoas sofrendo acidentes por cozinhar com \u00e1lcool e n\u00e3o fazer nada. Espero que essa redu\u00e7\u00e3o de pre\u00e7os ocorra o quanto antes&#8221;, declarou Rosenverg Reis.<\/p>\n","protected":false},"excerpt":{"rendered":"<p>O governador do Rio, Cl\u00e1udio Castro, sancionou uma lei que garante a isen\u00e7\u00e3o do ICMS no botij\u00e3o de g\u00e1s. A&#8230;<\/p>\n","protected":false},"author":2,"featured_media":3416,"comment_status":"open","ping_status":"open","sticky":false,"template":"","format":"standard","meta":{"colormag_page_container_layout":"default_layout","colormag_page_sidebar_layout":"default_layout","jetpack_post_was_ever_published":false,"_jetpack_newsletter_access":"","_jetpack_dont_email_post_to_subs":false,"_jetpack_newsletter_tier_id":0,"_jetpack_memberships_contains_paywalled_content":false,"_jetpack_memberships_contains_paid_content":false,"footnotes":""},"categories":[2],"tags":[],"class_list":["post-7964","post","type-post","status-publish","format-standard","has-post-thumbnail","hentry","category-politica"],"jetpack_featured_media_url":"https:\/\/www.tribunanf.com.br\/blogdoralfereis\/wp-content\/uploads\/sites\/11\/2020\/02\/gas-de-cozinha.jpg","jetpack_sharing_enabled":true,"_links":{"self":[{"href":"https:\/\/www.tribunanf.com.br\/blogdoralfereis\/wp-json\/wp\/v2\/posts\/7964","targetHints":{"allow":["GET"]}}],"collection":[{"href":"https:\/\/www.tribunanf.com.br\/blogdoralfereis\/wp-json\/wp\/v2\/posts"}],"about":[{"href":"https:\/\/www.tribunanf.com.br\/blogdoralfereis\/wp-json\/wp\/v2\/types\/post"}],"author":[{"embeddable":true,"href":"https:\/\/www.tribunanf.com.br\/blogdoralfereis\/wp-json\/wp\/v2\/users\/2"}],"replies":[{"embeddable":true,"href":"https:\/\/www.tribunanf.com.br\/blogdoralfereis\/wp-json\/wp\/v2\/comments?post=7964"}],"version-history":[{"count":0,"href":"https:\/\/www.tribunanf.com.br\/blogdoralfereis\/wp-json\/wp\/v2\/posts\/7964\/revisions"}],"wp:featuredmedia":[{"embeddable":true,"href":"https:\/\/www.tribunanf.com.br\/blogdoralfereis\/wp-json\/wp\/v2\/media\/3416"}],"wp:attachment":[{"href":"https:\/\/www.tribunanf.com.br\/blogdoralfereis\/wp-json\/wp\/v2\/media?parent=7964"}],"wp:term":[{"taxonomy":"category","embeddable":true,"href":"https:\/\/www.tribunanf.com.br\/blogdoralfereis\/wp-json\/wp\/v2\/categories?post=7964"},{"taxonomy":"post_tag","embeddable":true,"href":"https:\/\/www.tribunanf.com.br\/blogdoralfereis\/wp-json\/wp\/v2\/tags?post=7964"}],"curies":[{"name":"wp","href":"https:\/\/api.w.org\/{rel}","templated":true}]}}