{"id":7944,"date":"2021-10-29T11:35:27","date_gmt":"2021-10-29T14:35:27","guid":{"rendered":"https:\/\/www.tribunanf.com.br\/blogdoralfereis\/?p=7944"},"modified":"2021-10-29T11:35:27","modified_gmt":"2021-10-29T14:35:27","slug":"ao-vivo-prefeito-wladimir-no-debate-sobre-implementacao-do-fundo-soberano-do-petroleo","status":"publish","type":"post","link":"https:\/\/www.tribunanf.com.br\/blogdoralfereis\/2021\/10\/29\/ao-vivo-prefeito-wladimir-no-debate-sobre-implementacao-do-fundo-soberano-do-petroleo\/","title":{"rendered":"Ao vivo: Prefeito Wladimir no debate sobre implementa\u00e7\u00e3o do Fundo Soberano do Petr\u00f3leo"},"content":{"rendered":"<p><img loading=\"lazy\" decoding=\"async\" class=\"aligncenter size-large wp-image-7945\" src=\"https:\/\/www.tribunanf.com.br\/blogdoralfereis\/wp-content\/uploads\/sites\/11\/2021\/10\/with-187062-1024x682.jpg\" alt=\"\" width=\"800\" height=\"533\" \/><\/p>\n<p style=\"text-align: justify;\">O prefeito Wladimir Garotinho participa, nesta sexta-feira (29), do debate sobre a implementa\u00e7\u00e3o do Fundo Soberano dos Royalties do Petr\u00f3leo. O evento, apresentado pelo Presidente da Assembleia Legislativa do Estado do Rio de Janeiro (Alerj), Andr\u00e9 Ceciliano, acontece na Universidade Estadual do Norte Fluminense Darcy Ribeiro (Uenf) e re\u00fane outros oito chefes de Executivos do Norte Fluminense.<\/p>\n<p style=\"text-align: justify;\">Ceciliano vai detalhar a Emenda Constitucional 86\/21, que criou o fundo, que funcionar\u00e1 como uma poupan\u00e7a com recursos dos excedentes dos royalties e participa\u00e7\u00f5es especiais do petr\u00f3leo para financiar investimentos de infraestrutura, ci\u00eancia e tecnologia e programas de gera\u00e7\u00e3o de emprego e renda no estado.<\/p>\n<p style=\"text-align: justify;\">Antes do evento come\u00e7ar, o prefeito e o presidente da Alerj deram entrevista e falaram de projetos estruturantes que podem ser contemplados com recursos do fundo.<\/p>\n<p style=\"text-align: justify;\">Acompanhe o evento no youtube da Alerj:<\/p>\n<p>https:\/\/youtu.be\/R82IJTPzznE<\/p>\n","protected":false},"excerpt":{"rendered":"<p>O prefeito Wladimir Garotinho participa, nesta sexta-feira (29), do debate sobre a implementa\u00e7\u00e3o do Fundo Soberano dos Royalties do Petr\u00f3leo&#8230;.<\/p>\n","protected":false},"author":2,"featured_media":7945,"comment_status":"open","ping_status":"open","sticky":false,"template":"","format":"standard","meta":{"colormag_page_container_layout":"default_layout","colormag_page_sidebar_layout":"default_layout","jetpack_post_was_ever_published":false,"_jetpack_newsletter_access":"","_jetpack_dont_email_post_to_subs":false,"_jetpack_newsletter_tier_id":0,"_jetpack_memberships_contains_paywalled_content":false,"_jetpack_memberships_contains_paid_content":false,"footnotes":""},"categories":[2],"tags":[],"class_list":["post-7944","post","type-post","status-publish","format-standard","has-post-thumbnail","hentry","category-politica"],"jetpack_featured_media_url":"https:\/\/www.tribunanf.com.br\/blogdoralfereis\/wp-content\/uploads\/sites\/11\/2021\/10\/with-187062-e1635518095766.jpg","jetpack_sharing_enabled":true,"_links":{"self":[{"href":"https:\/\/www.tribunanf.com.br\/blogdoralfereis\/wp-json\/wp\/v2\/posts\/7944","targetHints":{"allow":["GET"]}}],"collection":[{"href":"https:\/\/www.tribunanf.com.br\/blogdoralfereis\/wp-json\/wp\/v2\/posts"}],"about":[{"href":"https:\/\/www.tribunanf.com.br\/blogdoralfereis\/wp-json\/wp\/v2\/types\/post"}],"author":[{"embeddable":true,"href":"https:\/\/www.tribunanf.com.br\/blogdoralfereis\/wp-json\/wp\/v2\/users\/2"}],"replies":[{"embeddable":true,"href":"https:\/\/www.tribunanf.com.br\/blogdoralfereis\/wp-json\/wp\/v2\/comments?post=7944"}],"version-history":[{"count":0,"href":"https:\/\/www.tribunanf.com.br\/blogdoralfereis\/wp-json\/wp\/v2\/posts\/7944\/revisions"}],"wp:featuredmedia":[{"embeddable":true,"href":"https:\/\/www.tribunanf.com.br\/blogdoralfereis\/wp-json\/wp\/v2\/media\/7945"}],"wp:attachment":[{"href":"https:\/\/www.tribunanf.com.br\/blogdoralfereis\/wp-json\/wp\/v2\/media?parent=7944"}],"wp:term":[{"taxonomy":"category","embeddable":true,"href":"https:\/\/www.tribunanf.com.br\/blogdoralfereis\/wp-json\/wp\/v2\/categories?post=7944"},{"taxonomy":"post_tag","embeddable":true,"href":"https:\/\/www.tribunanf.com.br\/blogdoralfereis\/wp-json\/wp\/v2\/tags?post=7944"}],"curies":[{"name":"wp","href":"https:\/\/api.w.org\/{rel}","templated":true}]}}