{"id":7936,"date":"2021-10-28T13:21:43","date_gmt":"2021-10-28T16:21:43","guid":{"rendered":"https:\/\/www.tribunanf.com.br\/blogdoralfereis\/?p=7936"},"modified":"2021-10-28T13:21:43","modified_gmt":"2021-10-28T16:21:43","slug":"em-decisao-inedita-tse-cassa-deputado-por-fake-news","status":"publish","type":"post","link":"https:\/\/www.tribunanf.com.br\/blogdoralfereis\/2021\/10\/28\/em-decisao-inedita-tse-cassa-deputado-por-fake-news\/","title":{"rendered":"Em decis\u00e3o in\u00e9dita, TSE cassa deputado por fake news"},"content":{"rendered":"<p><img loading=\"lazy\" decoding=\"async\" class=\"aligncenter size-full wp-image-7937\" src=\"https:\/\/www.tribunanf.com.br\/blogdoralfereis\/wp-content\/uploads\/sites\/11\/2021\/10\/fernando-francischini-28102021121050672.jpeg\" alt=\"\" width=\"771\" height=\"420\" srcset=\"https:\/\/www.tribunanf.com.br\/blogdoralfereis\/wp-content\/uploads\/sites\/11\/2021\/10\/fernando-francischini-28102021121050672.jpeg 771w, https:\/\/www.tribunanf.com.br\/blogdoralfereis\/wp-content\/uploads\/sites\/11\/2021\/10\/fernando-francischini-28102021121050672-300x163.jpeg 300w, https:\/\/www.tribunanf.com.br\/blogdoralfereis\/wp-content\/uploads\/sites\/11\/2021\/10\/fernando-francischini-28102021121050672-768x418.jpeg 768w\" sizes=\"auto, (max-width: 771px) 100vw, 771px\" \/><\/p>\n<p style=\"text-align: justify;\">Por 6 votos a 1, o TSE (Tribunal Superior Eleitoral) cassou nesta quinta-feira (28) o mandato do deputado estadual Fernando Francischini (PSL), do Paran\u00e1. Ele \u00e9 acusado de espalhar fake news no dia da vota\u00e7\u00e3o da elei\u00e7\u00e3o de 2018. Essa \u00e9 a primeira vez que uma pessoa eleita perde o mandato por causa de fake news, abrindo precedente para casos semelhantes. Com a decis\u00e3o, ele fica ineleg\u00edvel por oito anos.<\/p>\n<p style=\"text-align: justify;\">Francischini fez uma live pelo Facebook em que alegou fraude nas urnas eletr\u00f4nicas. As alega\u00e7\u00f5es n\u00e3o se confirmaram depois. Fernando Francischini j\u00e1 foi deputado federal e estava nesse cargo na \u00e9poca da live. O parlamentar foi eleito para a Assembleia Legislativa do Paran\u00e1 com 427 mil votos, um recorde para a regi\u00e3o, e a vota\u00e7\u00e3o obtida por ele foi suficiente para eleger mais sete deputados estaduais.<\/p>\n<p style=\"text-align: justify;\">O julgamento do caso come\u00e7ou no dia 10 deste m\u00eas. Os ministros Alexandre de Moraes, Roberto Barroso, Lu\u00eds Felipe Salom\u00e3o, Edson Fachin, Mauro Luiz Campbell Marques e S\u00e9rgio Silveira Banhos votaram pela cassa\u00e7\u00e3o. &#8220;Est\u00e1 em jogo mais do que o futuro de um mandato, mas o futuro das elei\u00e7\u00f5es e da democracia&#8221;, disse Fachin.<\/p>\n<p style=\"text-align: justify;\">O ministro Carlos Horbach votou contra a cassa\u00e7\u00e3o por entender que a informa\u00e7\u00e3o difundida pelo parlamentar n\u00e3o teve impacto no processo eleitoral. \u201cA conduta n\u00e3o foi capaz de abalar a normalidade das elei\u00e7\u00f5es. A transmiss\u00e3o ocorreu 22 minutos para o t\u00e9rmino das elei\u00e7\u00f5es\u201d, afirmou.<\/p>\n<p style=\"text-align: justify;\">Francischini \u00e9 delegado da Pol\u00edcia Federal e, de acordo com o ministro Moraes, usou dessa condi\u00e7\u00e3o para legitimar o discurso falso. &#8220;Na qualidade de delegado da Pol\u00edcia Federal, ele pretendeu manipular a vontade dos eleitores. Isso est\u00e1 claro na transcri\u00e7\u00e3o. Ele usou da sua condi\u00e7\u00e3o, n\u00e3o s\u00f3 de deputado, mas de policial, atestando nessa condi\u00e7\u00e3o, uma not\u00edcia fraudulenta&#8221;, disse.<\/p>\n","protected":false},"excerpt":{"rendered":"<p>Por 6 votos a 1, o TSE (Tribunal Superior Eleitoral) cassou nesta quinta-feira (28) o mandato do deputado estadual Fernando&#8230;<\/p>\n","protected":false},"author":2,"featured_media":7937,"comment_status":"open","ping_status":"open","sticky":false,"template":"","format":"standard","meta":{"colormag_page_container_layout":"default_layout","colormag_page_sidebar_layout":"default_layout","jetpack_post_was_ever_published":false,"_jetpack_newsletter_access":"","_jetpack_dont_email_post_to_subs":false,"_jetpack_newsletter_tier_id":0,"_jetpack_memberships_contains_paywalled_content":false,"_jetpack_memberships_contains_paid_content":false,"footnotes":""},"categories":[2],"tags":[],"class_list":["post-7936","post","type-post","status-publish","format-standard","has-post-thumbnail","hentry","category-politica"],"jetpack_featured_media_url":"https:\/\/www.tribunanf.com.br\/blogdoralfereis\/wp-content\/uploads\/sites\/11\/2021\/10\/fernando-francischini-28102021121050672.jpeg","jetpack_sharing_enabled":true,"_links":{"self":[{"href":"https:\/\/www.tribunanf.com.br\/blogdoralfereis\/wp-json\/wp\/v2\/posts\/7936","targetHints":{"allow":["GET"]}}],"collection":[{"href":"https:\/\/www.tribunanf.com.br\/blogdoralfereis\/wp-json\/wp\/v2\/posts"}],"about":[{"href":"https:\/\/www.tribunanf.com.br\/blogdoralfereis\/wp-json\/wp\/v2\/types\/post"}],"author":[{"embeddable":true,"href":"https:\/\/www.tribunanf.com.br\/blogdoralfereis\/wp-json\/wp\/v2\/users\/2"}],"replies":[{"embeddable":true,"href":"https:\/\/www.tribunanf.com.br\/blogdoralfereis\/wp-json\/wp\/v2\/comments?post=7936"}],"version-history":[{"count":0,"href":"https:\/\/www.tribunanf.com.br\/blogdoralfereis\/wp-json\/wp\/v2\/posts\/7936\/revisions"}],"wp:featuredmedia":[{"embeddable":true,"href":"https:\/\/www.tribunanf.com.br\/blogdoralfereis\/wp-json\/wp\/v2\/media\/7937"}],"wp:attachment":[{"href":"https:\/\/www.tribunanf.com.br\/blogdoralfereis\/wp-json\/wp\/v2\/media?parent=7936"}],"wp:term":[{"taxonomy":"category","embeddable":true,"href":"https:\/\/www.tribunanf.com.br\/blogdoralfereis\/wp-json\/wp\/v2\/categories?post=7936"},{"taxonomy":"post_tag","embeddable":true,"href":"https:\/\/www.tribunanf.com.br\/blogdoralfereis\/wp-json\/wp\/v2\/tags?post=7936"}],"curies":[{"name":"wp","href":"https:\/\/api.w.org\/{rel}","templated":true}]}}