{"id":7922,"date":"2021-10-27T13:10:39","date_gmt":"2021-10-27T16:10:39","guid":{"rendered":"https:\/\/www.tribunanf.com.br\/blogdoralfereis\/?p=7922"},"modified":"2021-10-27T13:10:39","modified_gmt":"2021-10-27T16:10:39","slug":"bolsonaro-descumpre-acordo-com-valdemar-costa-neto-e-dono-do-pl-fica-irritadissimo","status":"publish","type":"post","link":"https:\/\/www.tribunanf.com.br\/blogdoralfereis\/2021\/10\/27\/bolsonaro-descumpre-acordo-com-valdemar-costa-neto-e-dono-do-pl-fica-irritadissimo\/","title":{"rendered":"Bolsonaro descumpre acordo com Valdemar Costa Neto e dono do PL fica irritad\u00edssimo"},"content":{"rendered":"<p><img loading=\"lazy\" decoding=\"async\" class=\"aligncenter size-large wp-image-6329\" src=\"https:\/\/www.tribunanf.com.br\/blogdoralfereis\/wp-content\/uploads\/sites\/11\/2021\/03\/valdemar-1024x640.jpg\" alt=\"\" width=\"800\" height=\"500\" srcset=\"https:\/\/www.tribunanf.com.br\/blogdoralfereis\/wp-content\/uploads\/sites\/11\/2021\/03\/valdemar-1024x640.jpg 1024w, https:\/\/www.tribunanf.com.br\/blogdoralfereis\/wp-content\/uploads\/sites\/11\/2021\/03\/valdemar-300x188.jpg 300w, https:\/\/www.tribunanf.com.br\/blogdoralfereis\/wp-content\/uploads\/sites\/11\/2021\/03\/valdemar-768x480.jpg 768w, https:\/\/www.tribunanf.com.br\/blogdoralfereis\/wp-content\/uploads\/sites\/11\/2021\/03\/valdemar.jpg 1080w\" sizes=\"auto, (max-width: 800px) 100vw, 800px\" \/><\/p>\n<p style=\"text-align: justify;\">Jair Bolsonaro descumpriu um acordo com Valdemar Costa Neto na segunda-feira e irritou fortemente o presidente do PL, de acordo pol\u00edticos ligados ao partido e ao Pal\u00e1cio do Planalto, diz o blog\u00a0 do Lauro Jardim, de O Globo.<\/p>\n<p style=\"text-align: justify;\">E qual era o trato?<\/p>\n<p style=\"text-align: justify;\"><strong><a href=\"https:\/\/www.tribunanf.com.br\/blogdoralfereis\/2021\/10\/25\/video-valdemar-costa-neto-abre-as-portas-do-pl-a-bolsonaro\/\">Quando Valdemar divulgou um v\u00eddeo, na tarde de anteontem<\/a><\/strong>, convidando publicamente Bolsonaro a filiar-se ao PL, o movimento seguinte deveria ser o an\u00fancio do seu ingresso ao partido feito pelo pr\u00f3prio presidente.<\/p>\n<p style=\"text-align: justify;\">Bolsonaro, entretanto, n\u00e3o cumpriu o combinado, segundo aliados de Valdemar, o que irritou o presidente do PL.<\/p>\n<p style=\"text-align: justify;\">Na mesma segunda-feira, Bolsonaro reuniu-de com Ciro Nogueira, Arthur Lira e Fl\u00e1vio Bolsonaro para ouvir mais uma vez apelos para que se filie ao PP, conforme revelaram Naira Trindade e Jussara Soares na edi\u00e7\u00e3o de hoje do GLOBO.<\/p>\n<p style=\"text-align: justify;\">De acordo com interlocutores de Bolsonaro, sua indecis\u00e3o em rela\u00e7\u00e3o ao PL \u00e9 por causa de S\u00e3o Paulo. No estado, o PL j\u00e1 apoia Rodrigo Garcia, candidato de Jo\u00e3o Doria, ao governo. Bolsonaro n\u00e3o se conforma com isso.<\/p>\n","protected":false},"excerpt":{"rendered":"<p>Jair Bolsonaro descumpriu um acordo com Valdemar Costa Neto na segunda-feira e irritou fortemente o presidente do PL, de acordo&#8230;<\/p>\n","protected":false},"author":2,"featured_media":6329,"comment_status":"open","ping_status":"open","sticky":false,"template":"","format":"standard","meta":{"colormag_page_container_layout":"default_layout","colormag_page_sidebar_layout":"default_layout","jetpack_post_was_ever_published":false,"_jetpack_newsletter_access":"","_jetpack_dont_email_post_to_subs":false,"_jetpack_newsletter_tier_id":0,"_jetpack_memberships_contains_paywalled_content":false,"_jetpack_memberships_contains_paid_content":false,"footnotes":""},"categories":[2],"tags":[],"class_list":["post-7922","post","type-post","status-publish","format-standard","has-post-thumbnail","hentry","category-politica"],"jetpack_featured_media_url":"https:\/\/www.tribunanf.com.br\/blogdoralfereis\/wp-content\/uploads\/sites\/11\/2021\/03\/valdemar.jpg","jetpack_sharing_enabled":true,"_links":{"self":[{"href":"https:\/\/www.tribunanf.com.br\/blogdoralfereis\/wp-json\/wp\/v2\/posts\/7922","targetHints":{"allow":["GET"]}}],"collection":[{"href":"https:\/\/www.tribunanf.com.br\/blogdoralfereis\/wp-json\/wp\/v2\/posts"}],"about":[{"href":"https:\/\/www.tribunanf.com.br\/blogdoralfereis\/wp-json\/wp\/v2\/types\/post"}],"author":[{"embeddable":true,"href":"https:\/\/www.tribunanf.com.br\/blogdoralfereis\/wp-json\/wp\/v2\/users\/2"}],"replies":[{"embeddable":true,"href":"https:\/\/www.tribunanf.com.br\/blogdoralfereis\/wp-json\/wp\/v2\/comments?post=7922"}],"version-history":[{"count":0,"href":"https:\/\/www.tribunanf.com.br\/blogdoralfereis\/wp-json\/wp\/v2\/posts\/7922\/revisions"}],"wp:featuredmedia":[{"embeddable":true,"href":"https:\/\/www.tribunanf.com.br\/blogdoralfereis\/wp-json\/wp\/v2\/media\/6329"}],"wp:attachment":[{"href":"https:\/\/www.tribunanf.com.br\/blogdoralfereis\/wp-json\/wp\/v2\/media?parent=7922"}],"wp:term":[{"taxonomy":"category","embeddable":true,"href":"https:\/\/www.tribunanf.com.br\/blogdoralfereis\/wp-json\/wp\/v2\/categories?post=7922"},{"taxonomy":"post_tag","embeddable":true,"href":"https:\/\/www.tribunanf.com.br\/blogdoralfereis\/wp-json\/wp\/v2\/tags?post=7922"}],"curies":[{"name":"wp","href":"https:\/\/api.w.org\/{rel}","templated":true}]}}