{"id":7883,"date":"2021-10-21T10:27:46","date_gmt":"2021-10-21T13:27:46","guid":{"rendered":"https:\/\/www.tribunanf.com.br\/blogdoralfereis\/?p=7883"},"modified":"2021-10-21T10:27:46","modified_gmt":"2021-10-21T13:27:46","slug":"claudio-castro-recebe-premios-no-superior-tribunal-de-justica","status":"publish","type":"post","link":"https:\/\/www.tribunanf.com.br\/blogdoralfereis\/2021\/10\/21\/claudio-castro-recebe-premios-no-superior-tribunal-de-justica\/","title":{"rendered":"Cl\u00e1udio Castro recebe pr\u00eamios no Superior Tribunal de Justi\u00e7a"},"content":{"rendered":"<p><img loading=\"lazy\" decoding=\"async\" class=\"aligncenter size-large wp-image-7884\" src=\"https:\/\/www.tribunanf.com.br\/blogdoralfereis\/wp-content\/uploads\/sites\/11\/2021\/10\/20464Governador-do-Rio-de-Janeiro-e-agraciado-com-premios-em-Brasilia-4-1024x1024.jpeg\" alt=\"\" width=\"800\" height=\"800\" \/><\/p>\n<p style=\"text-align: justify;\">O governador Cl\u00e1udio Castro recebeu na noite desta quarta-feira, 20, a Medalha do M\u00e9rito Centen\u00e1rio de Orpheu Salles e o Trof\u00e9u Dom Quixote, em cerim\u00f4nia realizada no Superior Tribunal de Justi\u00e7a (STJ), em Bras\u00edlia.<\/p>\n<p style=\"text-align: justify;\">O evento, que est\u00e1 na 30\u00aa edi\u00e7\u00e3o e \u00e9 organizado pelo Instituto Justi\u00e7a &amp; Cidadania desde 1999, reconhece e premia os defensores da Justi\u00e7a e da paz social.<\/p>\n<p style=\"text-align: justify;\">Com a homenagem, o governador fluminense passa a integrar a Confraria Dom Quixote, que tem entre os seus membros renomados juristas, como ex-presidentes do Supremo Tribunal Federal (STF). Os pr\u00eamios ao governador foram entregues pela primeira-dama do Estado, Analine Castro.<\/p>\n<p style=\"text-align: justify;\">Al\u00e9m de Cl\u00e1udio Castro, outras autoridades foram contempladas, como o atual presidente da Suprema Corte, ministro Luiz Fux; e ministros de tribunais superiores, entre eles Alexandre de Moraes, Nunes Marques, Dias Toffoli, Lu\u00eds Felipe Salom\u00e3o e Humberto Martins.<\/p>\n<p style=\"text-align: justify;\">Ascom*<\/p>\n","protected":false},"excerpt":{"rendered":"<p>O governador Cl\u00e1udio Castro recebeu na noite desta quarta-feira, 20, a Medalha do M\u00e9rito Centen\u00e1rio de Orpheu Salles e o&#8230;<\/p>\n","protected":false},"author":2,"featured_media":7884,"comment_status":"open","ping_status":"open","sticky":false,"template":"","format":"standard","meta":{"colormag_page_container_layout":"default_layout","colormag_page_sidebar_layout":"default_layout","jetpack_post_was_ever_published":false,"_jetpack_newsletter_access":"","_jetpack_dont_email_post_to_subs":false,"_jetpack_newsletter_tier_id":0,"_jetpack_memberships_contains_paywalled_content":false,"_jetpack_memberships_contains_paid_content":false,"footnotes":""},"categories":[2],"tags":[],"class_list":["post-7883","post","type-post","status-publish","format-standard","has-post-thumbnail","hentry","category-politica"],"jetpack_featured_media_url":"https:\/\/www.tribunanf.com.br\/blogdoralfereis\/wp-content\/uploads\/sites\/11\/2021\/10\/20464Governador-do-Rio-de-Janeiro-e-agraciado-com-premios-em-Brasilia-4-e1634822846775.jpeg","jetpack_sharing_enabled":true,"_links":{"self":[{"href":"https:\/\/www.tribunanf.com.br\/blogdoralfereis\/wp-json\/wp\/v2\/posts\/7883","targetHints":{"allow":["GET"]}}],"collection":[{"href":"https:\/\/www.tribunanf.com.br\/blogdoralfereis\/wp-json\/wp\/v2\/posts"}],"about":[{"href":"https:\/\/www.tribunanf.com.br\/blogdoralfereis\/wp-json\/wp\/v2\/types\/post"}],"author":[{"embeddable":true,"href":"https:\/\/www.tribunanf.com.br\/blogdoralfereis\/wp-json\/wp\/v2\/users\/2"}],"replies":[{"embeddable":true,"href":"https:\/\/www.tribunanf.com.br\/blogdoralfereis\/wp-json\/wp\/v2\/comments?post=7883"}],"version-history":[{"count":0,"href":"https:\/\/www.tribunanf.com.br\/blogdoralfereis\/wp-json\/wp\/v2\/posts\/7883\/revisions"}],"wp:featuredmedia":[{"embeddable":true,"href":"https:\/\/www.tribunanf.com.br\/blogdoralfereis\/wp-json\/wp\/v2\/media\/7884"}],"wp:attachment":[{"href":"https:\/\/www.tribunanf.com.br\/blogdoralfereis\/wp-json\/wp\/v2\/media?parent=7883"}],"wp:term":[{"taxonomy":"category","embeddable":true,"href":"https:\/\/www.tribunanf.com.br\/blogdoralfereis\/wp-json\/wp\/v2\/categories?post=7883"},{"taxonomy":"post_tag","embeddable":true,"href":"https:\/\/www.tribunanf.com.br\/blogdoralfereis\/wp-json\/wp\/v2\/tags?post=7883"}],"curies":[{"name":"wp","href":"https:\/\/api.w.org\/{rel}","templated":true}]}}