{"id":7838,"date":"2021-10-14T17:54:41","date_gmt":"2021-10-14T20:54:41","guid":{"rendered":"https:\/\/www.tribunanf.com.br\/blogdoralfereis\/?p=7838"},"modified":"2021-10-14T18:00:22","modified_gmt":"2021-10-14T21:00:22","slug":"garotinho-na-folha-fm-nesta-sexta-feira-15","status":"publish","type":"post","link":"https:\/\/www.tribunanf.com.br\/blogdoralfereis\/2021\/10\/14\/garotinho-na-folha-fm-nesta-sexta-feira-15\/","title":{"rendered":"Garotinho na Folha FM nesta sexta-feira (15)"},"content":{"rendered":"<p><img loading=\"lazy\" decoding=\"async\" class=\"aligncenter size-full wp-image-429\" src=\"https:\/\/www.tribunanf.com.br\/blogdoralfereis\/wp-content\/uploads\/sites\/11\/2018\/07\/garotinho.jpg\" alt=\"\" width=\"768\" height=\"512\" srcset=\"https:\/\/www.tribunanf.com.br\/blogdoralfereis\/wp-content\/uploads\/sites\/11\/2018\/07\/garotinho.jpg 768w, https:\/\/www.tribunanf.com.br\/blogdoralfereis\/wp-content\/uploads\/sites\/11\/2018\/07\/garotinho-300x200.jpg 300w\" sizes=\"auto, (max-width: 768px) 100vw, 768px\" \/><\/p>\n<p style=\"text-align: justify;\">O ex-governador Anthony Garotinho ser\u00e1 o entrevistado do programa Folha no Ar, na Folha FM 98,3, partir das 7h da manh\u00e3 desta sexta-feira (15).<\/p>\n<p style=\"text-align: justify;\">Ap\u00f3s longos anos sem oportunidade de se defender das acusa\u00e7\u00f5es no grupo folha, o ex-governador falar\u00e1 sobre as opera\u00e7\u00f5es Chequinho, Caixa d\u2019\u00c1gua e Secretus Dommus e da den\u00fancia de agress\u00e3o dentro da cadeia, feita pelo Minist\u00e9rio P\u00fablico. Avaliar\u00e1 tamb\u00e9m os primeiros nove meses do governo do filho Wladimir Garotinho (PSD) em Campos, e o legado do garotismo no munic\u00edpio e no estado.<\/p>\n<p style=\"text-align: justify;\">Vale a pena ouvir e participar. Esse vai ser o dia que a r\u00e1dio ter\u00e1 audi\u00eancia.<\/p>\n<div class=\"fb-post\" data-href=\"https:\/\/www.facebook.com\/747565665638655\/posts\/1421305738264641\/?sfnsn=wiwspmo\" data-width=\"552\" style=\"background-color: #fff; display: inline-block;\"><\/div>\n","protected":false},"excerpt":{"rendered":"<p>O ex-governador Anthony Garotinho ser\u00e1 o entrevistado do programa Folha no Ar, na Folha FM 98,3, partir das 7h da&#8230;<\/p>\n","protected":false},"author":2,"featured_media":429,"comment_status":"open","ping_status":"open","sticky":false,"template":"","format":"standard","meta":{"colormag_page_container_layout":"default_layout","colormag_page_sidebar_layout":"default_layout","jetpack_post_was_ever_published":false,"_jetpack_newsletter_access":"","_jetpack_dont_email_post_to_subs":false,"_jetpack_newsletter_tier_id":0,"_jetpack_memberships_contains_paywalled_content":false,"_jetpack_memberships_contains_paid_content":false,"footnotes":""},"categories":[2],"tags":[],"class_list":["post-7838","post","type-post","status-publish","format-standard","has-post-thumbnail","hentry","category-politica"],"jetpack_featured_media_url":"https:\/\/www.tribunanf.com.br\/blogdoralfereis\/wp-content\/uploads\/sites\/11\/2018\/07\/garotinho.jpg","jetpack_sharing_enabled":true,"_links":{"self":[{"href":"https:\/\/www.tribunanf.com.br\/blogdoralfereis\/wp-json\/wp\/v2\/posts\/7838","targetHints":{"allow":["GET"]}}],"collection":[{"href":"https:\/\/www.tribunanf.com.br\/blogdoralfereis\/wp-json\/wp\/v2\/posts"}],"about":[{"href":"https:\/\/www.tribunanf.com.br\/blogdoralfereis\/wp-json\/wp\/v2\/types\/post"}],"author":[{"embeddable":true,"href":"https:\/\/www.tribunanf.com.br\/blogdoralfereis\/wp-json\/wp\/v2\/users\/2"}],"replies":[{"embeddable":true,"href":"https:\/\/www.tribunanf.com.br\/blogdoralfereis\/wp-json\/wp\/v2\/comments?post=7838"}],"version-history":[{"count":0,"href":"https:\/\/www.tribunanf.com.br\/blogdoralfereis\/wp-json\/wp\/v2\/posts\/7838\/revisions"}],"wp:featuredmedia":[{"embeddable":true,"href":"https:\/\/www.tribunanf.com.br\/blogdoralfereis\/wp-json\/wp\/v2\/media\/429"}],"wp:attachment":[{"href":"https:\/\/www.tribunanf.com.br\/blogdoralfereis\/wp-json\/wp\/v2\/media?parent=7838"}],"wp:term":[{"taxonomy":"category","embeddable":true,"href":"https:\/\/www.tribunanf.com.br\/blogdoralfereis\/wp-json\/wp\/v2\/categories?post=7838"},{"taxonomy":"post_tag","embeddable":true,"href":"https:\/\/www.tribunanf.com.br\/blogdoralfereis\/wp-json\/wp\/v2\/tags?post=7838"}],"curies":[{"name":"wp","href":"https:\/\/api.w.org\/{rel}","templated":true}]}}