{"id":7792,"date":"2021-10-09T11:50:51","date_gmt":"2021-10-09T14:50:51","guid":{"rendered":"https:\/\/www.tribunanf.com.br\/blogdoralfereis\/?p=7792"},"modified":"2021-10-09T11:50:51","modified_gmt":"2021-10-09T14:50:51","slug":"eleicoes-2022-tre-rj-estabelece-que-todos-os-juizes-eleitorais-do-estado-tem-poder-de-policia","status":"publish","type":"post","link":"https:\/\/www.tribunanf.com.br\/blogdoralfereis\/2021\/10\/09\/eleicoes-2022-tre-rj-estabelece-que-todos-os-juizes-eleitorais-do-estado-tem-poder-de-policia\/","title":{"rendered":"Elei\u00e7\u00f5es 2022: TRE-RJ estabelece que todos os ju\u00edzes eleitorais do estado t\u00eam poder de pol\u00edcia"},"content":{"rendered":"<p><img loading=\"lazy\" decoding=\"async\" class=\"aligncenter size-full wp-image-2698\" src=\"https:\/\/www.tribunanf.com.br\/blogdoralfereis\/wp-content\/uploads\/sites\/11\/2019\/09\/tre.jpg\" alt=\"\" width=\"660\" height=\"442\" srcset=\"https:\/\/www.tribunanf.com.br\/blogdoralfereis\/wp-content\/uploads\/sites\/11\/2019\/09\/tre.jpg 660w, https:\/\/www.tribunanf.com.br\/blogdoralfereis\/wp-content\/uploads\/sites\/11\/2019\/09\/tre-300x201.jpg 300w\" sizes=\"auto, (max-width: 660px) 100vw, 660px\" \/><\/p>\n<p style=\"text-align: justify;\">O TRE-RJ estendeu o poder de pol\u00edcia a ju\u00edzas e ju\u00edzes das 165 zonas eleitorais do estado, para ampliar a atua\u00e7\u00e3o contra a propaganda antecipada das elei\u00e7\u00f5es gerais do pr\u00f3ximo ano. Na pr\u00e1tica, o poder de pol\u00edcia permite a magistradas e magistrados agirem de of\u00edcio para impedir a continuidade da propaganda eleitoral em todas as formas, na rua ou em meios eletr\u00f4nicos, como r\u00e1dio, televis\u00e3o e internet. A designa\u00e7\u00e3o ocorreu por meio da Resolu\u00e7\u00e3o 1192\/21, que tamb\u00e9m estabelece os limites da atua\u00e7\u00e3o. \u201cCompete ao juiz eleitoral, no exerc\u00edcio do poder de pol\u00edcia, adotar as provid\u00eancias estritamente necess\u00e1rias \u00e0 inibi\u00e7\u00e3o das pr\u00e1ticas ilegais\u201d, diz a norma.<\/p>\n<p style=\"text-align: justify;\">Para denunciar irregularidades sobre propaganda eleitoral, a popula\u00e7\u00e3o deve preencher o formul\u00e1rio e-Den\u00fancia, no site oficial do Tribunal Regional Eleitoral do Rio de Janeiro. \u00c9 preciso informar a localiza\u00e7\u00e3o e o tipo de propaganda, o nome do candidato beneficiado e fazer uma descri\u00e7\u00e3o da irregularidade. Tamb\u00e9m \u00e9 poss\u00edvel anexar arquivos, como uma fotografia ou v\u00eddeo. As not\u00edcias de irregularidades ser\u00e3o encaminhadas prontamente \u00e0 ju\u00edza ou ao juiz eleitoral respons\u00e1vel pela regi\u00e3o onde a irregularidade denunciada ocorreu.<\/p>\n<p style=\"text-align: justify;\">Com rela\u00e7\u00e3o \u00e0 propaganda eleitoral antecipada praticada na internet, o juiz titular da 16\u00aa Zona Eleitoral (Laranjeiras &#8211; Capital), Marcel Laguna Duque Estrada, \u00e9 o \u00fanico competente para atuar no exerc\u00edcio do poder de pol\u00edcia em todo o estado do Rio. O poder de pol\u00edcia atribu\u00eddo \u00e0s ju\u00edzas e ju\u00edzes eleitorais, entretanto, n\u00e3o permite a aplica\u00e7\u00e3o imediata de multas. Para isso, ap\u00f3s fazer cessar a irregularidade eleitoral, um relat\u00f3rio de fiscaliza\u00e7\u00e3o da propaganda \u00e9 elaborado e enviado ao Minist\u00e9rio P\u00fablico Eleitoral, respons\u00e1vel por ajuizar os processos que podem resultar em multas ou mesmo numa futura cassa\u00e7\u00e3o do registro por abuso de poder, de acordo com a gravidade dos fatos denunciados.<\/p>\n","protected":false},"excerpt":{"rendered":"<p>O TRE-RJ estendeu o poder de pol\u00edcia a ju\u00edzas e ju\u00edzes das 165 zonas eleitorais do estado, para ampliar a&#8230;<\/p>\n","protected":false},"author":2,"featured_media":2698,"comment_status":"open","ping_status":"open","sticky":false,"template":"","format":"standard","meta":{"colormag_page_container_layout":"default_layout","colormag_page_sidebar_layout":"default_layout","jetpack_post_was_ever_published":false,"_jetpack_newsletter_access":"","_jetpack_dont_email_post_to_subs":false,"_jetpack_newsletter_tier_id":0,"_jetpack_memberships_contains_paywalled_content":false,"_jetpack_memberships_contains_paid_content":false,"footnotes":""},"categories":[2],"tags":[],"class_list":["post-7792","post","type-post","status-publish","format-standard","has-post-thumbnail","hentry","category-politica"],"jetpack_featured_media_url":"https:\/\/www.tribunanf.com.br\/blogdoralfereis\/wp-content\/uploads\/sites\/11\/2019\/09\/tre.jpg","jetpack_sharing_enabled":true,"_links":{"self":[{"href":"https:\/\/www.tribunanf.com.br\/blogdoralfereis\/wp-json\/wp\/v2\/posts\/7792","targetHints":{"allow":["GET"]}}],"collection":[{"href":"https:\/\/www.tribunanf.com.br\/blogdoralfereis\/wp-json\/wp\/v2\/posts"}],"about":[{"href":"https:\/\/www.tribunanf.com.br\/blogdoralfereis\/wp-json\/wp\/v2\/types\/post"}],"author":[{"embeddable":true,"href":"https:\/\/www.tribunanf.com.br\/blogdoralfereis\/wp-json\/wp\/v2\/users\/2"}],"replies":[{"embeddable":true,"href":"https:\/\/www.tribunanf.com.br\/blogdoralfereis\/wp-json\/wp\/v2\/comments?post=7792"}],"version-history":[{"count":0,"href":"https:\/\/www.tribunanf.com.br\/blogdoralfereis\/wp-json\/wp\/v2\/posts\/7792\/revisions"}],"wp:featuredmedia":[{"embeddable":true,"href":"https:\/\/www.tribunanf.com.br\/blogdoralfereis\/wp-json\/wp\/v2\/media\/2698"}],"wp:attachment":[{"href":"https:\/\/www.tribunanf.com.br\/blogdoralfereis\/wp-json\/wp\/v2\/media?parent=7792"}],"wp:term":[{"taxonomy":"category","embeddable":true,"href":"https:\/\/www.tribunanf.com.br\/blogdoralfereis\/wp-json\/wp\/v2\/categories?post=7792"},{"taxonomy":"post_tag","embeddable":true,"href":"https:\/\/www.tribunanf.com.br\/blogdoralfereis\/wp-json\/wp\/v2\/tags?post=7792"}],"curies":[{"name":"wp","href":"https:\/\/api.w.org\/{rel}","templated":true}]}}