{"id":7789,"date":"2021-10-09T08:11:29","date_gmt":"2021-10-09T11:11:29","guid":{"rendered":"https:\/\/www.tribunanf.com.br\/blogdoralfereis\/?p=7789"},"modified":"2021-10-09T08:16:00","modified_gmt":"2021-10-09T11:16:00","slug":"judicializacao-do-pregao-de-manutencao-de-escolas-e-creches-pode-atrasar-retorno-as-aulas-em-campos","status":"publish","type":"post","link":"https:\/\/www.tribunanf.com.br\/blogdoralfereis\/2021\/10\/09\/judicializacao-do-pregao-de-manutencao-de-escolas-e-creches-pode-atrasar-retorno-as-aulas-em-campos\/","title":{"rendered":"Judicializa\u00e7\u00e3o do Preg\u00e3o de manuten\u00e7\u00e3o de escolas e creches pode atrasar retorno \u00e0s aulas em Campos"},"content":{"rendered":"<p><img loading=\"lazy\" decoding=\"async\" class=\"aligncenter size-large wp-image-7440\" src=\"https:\/\/www.tribunanf.com.br\/blogdoralfereis\/wp-content\/uploads\/sites\/11\/2021\/08\/prefeitura-campos-1024x682.jpg\" alt=\"\" width=\"800\" height=\"533\" \/><\/p>\n<p style=\"text-align: justify;\">A judicializa\u00e7\u00e3o da licita\u00e7\u00e3o para contrata\u00e7\u00e3o de empresa para manuten\u00e7\u00e3o de escolas e creches pode atrasar o cronograma de retorno \u00e0s aulas presenciais em Campos dos Goytacazes.<\/p>\n<p style=\"text-align: justify;\">Conforme o blog publicou na \u00faltima quinta-feira, a empresa Working Empreendimentos e Servi\u00e7os LTDA ingressou na justi\u00e7a para suspender o processo licitat\u00f3rio (<strong><a href=\"https:\/\/www.tribunanf.com.br\/blogdoralfereis\/2021\/10\/07\/working-parte-para-judicializacao-do-pregao-de-manutencao-das-escolas-e-creches-de-campos\/\">aqui<\/a><\/strong>).<\/p>\n<p style=\"text-align: justify;\">Um pedido de liminar para suspender o certame est\u00e1 nas m\u00e3os do desembargador Ant\u00f4nio Carlos Arrabida Paes, da 1\u00aa C\u00e2mara C\u00edvel do Tribunal de Justi\u00e7a do Rio. O caso est\u00e1 no Minist\u00e9rio P\u00fablico para elabora\u00e7\u00e3o de parecer.<\/p>\n<p style=\"text-align: justify;\">A Working foi detentora do contrato nos \u00faltimos anos, que se encerrou em janeiro deste ano.<\/p>\n<p style=\"text-align: justify;\">Caso a liminar seja deferida, o cronograma de retorno \u00e0s aulas poder\u00e1 sofrer atrasos, vez que as escolas e creches precisam de manuten\u00e7\u00e3o.<\/p>\n","protected":false},"excerpt":{"rendered":"<p>A judicializa\u00e7\u00e3o da licita\u00e7\u00e3o para contrata\u00e7\u00e3o de empresa para manuten\u00e7\u00e3o de escolas e creches pode atrasar o cronograma de retorno&#8230;<\/p>\n","protected":false},"author":2,"featured_media":7440,"comment_status":"open","ping_status":"open","sticky":false,"template":"","format":"standard","meta":{"colormag_page_container_layout":"default_layout","colormag_page_sidebar_layout":"default_layout","jetpack_post_was_ever_published":false,"_jetpack_newsletter_access":"","_jetpack_dont_email_post_to_subs":false,"_jetpack_newsletter_tier_id":0,"_jetpack_memberships_contains_paywalled_content":false,"_jetpack_memberships_contains_paid_content":false,"footnotes":""},"categories":[2],"tags":[],"class_list":["post-7789","post","type-post","status-publish","format-standard","has-post-thumbnail","hentry","category-politica"],"jetpack_featured_media_url":"https:\/\/www.tribunanf.com.br\/blogdoralfereis\/wp-content\/uploads\/sites\/11\/2021\/08\/prefeitura-campos-e1629389961928.jpg","jetpack_sharing_enabled":true,"_links":{"self":[{"href":"https:\/\/www.tribunanf.com.br\/blogdoralfereis\/wp-json\/wp\/v2\/posts\/7789","targetHints":{"allow":["GET"]}}],"collection":[{"href":"https:\/\/www.tribunanf.com.br\/blogdoralfereis\/wp-json\/wp\/v2\/posts"}],"about":[{"href":"https:\/\/www.tribunanf.com.br\/blogdoralfereis\/wp-json\/wp\/v2\/types\/post"}],"author":[{"embeddable":true,"href":"https:\/\/www.tribunanf.com.br\/blogdoralfereis\/wp-json\/wp\/v2\/users\/2"}],"replies":[{"embeddable":true,"href":"https:\/\/www.tribunanf.com.br\/blogdoralfereis\/wp-json\/wp\/v2\/comments?post=7789"}],"version-history":[{"count":0,"href":"https:\/\/www.tribunanf.com.br\/blogdoralfereis\/wp-json\/wp\/v2\/posts\/7789\/revisions"}],"wp:featuredmedia":[{"embeddable":true,"href":"https:\/\/www.tribunanf.com.br\/blogdoralfereis\/wp-json\/wp\/v2\/media\/7440"}],"wp:attachment":[{"href":"https:\/\/www.tribunanf.com.br\/blogdoralfereis\/wp-json\/wp\/v2\/media?parent=7789"}],"wp:term":[{"taxonomy":"category","embeddable":true,"href":"https:\/\/www.tribunanf.com.br\/blogdoralfereis\/wp-json\/wp\/v2\/categories?post=7789"},{"taxonomy":"post_tag","embeddable":true,"href":"https:\/\/www.tribunanf.com.br\/blogdoralfereis\/wp-json\/wp\/v2\/tags?post=7789"}],"curies":[{"name":"wp","href":"https:\/\/api.w.org\/{rel}","templated":true}]}}