{"id":7784,"date":"2021-10-08T17:37:05","date_gmt":"2021-10-08T20:37:05","guid":{"rendered":"https:\/\/www.tribunanf.com.br\/blogdoralfereis\/?p=7784"},"modified":"2021-10-08T17:46:51","modified_gmt":"2021-10-08T20:46:51","slug":"claudio-castro-confirma-deposito-dos-salarios-com-pccs-dos-servidores-da-saude","status":"publish","type":"post","link":"https:\/\/www.tribunanf.com.br\/blogdoralfereis\/2021\/10\/08\/claudio-castro-confirma-deposito-dos-salarios-com-pccs-dos-servidores-da-saude\/","title":{"rendered":"Cl\u00e1udio Castro confirma dep\u00f3sito dos sal\u00e1rios com PCCS dos servidores da sa\u00fade"},"content":{"rendered":"<p><img loading=\"lazy\" decoding=\"async\" class=\"aligncenter size-full wp-image-7300\" src=\"https:\/\/www.tribunanf.com.br\/blogdoralfereis\/wp-content\/uploads\/sites\/11\/2021\/07\/castro.jpg\" alt=\"\" width=\"800\" height=\"479\" srcset=\"https:\/\/www.tribunanf.com.br\/blogdoralfereis\/wp-content\/uploads\/sites\/11\/2021\/07\/castro.jpg 800w, https:\/\/www.tribunanf.com.br\/blogdoralfereis\/wp-content\/uploads\/sites\/11\/2021\/07\/castro-300x180.jpg 300w, https:\/\/www.tribunanf.com.br\/blogdoralfereis\/wp-content\/uploads\/sites\/11\/2021\/07\/castro-768x460.jpg 768w\" sizes=\"auto, (max-width: 800px) 100vw, 800px\" \/><\/p>\n<p style=\"text-align: justify;\">O governador Cl\u00e1udio Castro confirmou h\u00e1 pouco o dep\u00f3sito dos sal\u00e1rios dos servidores para esta sexta-feira (8). Segundo Castro, os servidores da sa\u00fade j\u00e1 recebem com PCCS implantado.<\/p>\n<p style=\"text-align: justify;\">&#8220;Sal\u00e1rio na conta \u00e9 servidor valorizado! Hoje, pela 11\u00aa vez antecipamos o pagamento da folha de mais de 460 mil servidores ativos e aposentados. E tamb\u00e9m temos orgulho de ver o contracheque dos trabalhadores da sa\u00fade j\u00e1 com o PCCS implantado. Vit\u00f3ria da categoria e do Estado.<\/p>\n<p style=\"text-align: justify;\">Essa antecipa\u00e7\u00e3o \u00e9 um reconhecimento e uma valoriza\u00e7\u00e3o ao trabalho dos servidores e tamb\u00e9m reflexo dos esfor\u00e7os do governo para colocar as contas em dia. Parabenizo o trabalho e empenho das equipes das secretarias de Fazenda e de Planejamento e Gest\u00e3o.&#8221;, disse Castro.<\/p>\n","protected":false},"excerpt":{"rendered":"<p>O governador Cl\u00e1udio Castro confirmou h\u00e1 pouco o dep\u00f3sito dos sal\u00e1rios dos servidores para esta sexta-feira (8). Segundo Castro, os&#8230;<\/p>\n","protected":false},"author":2,"featured_media":7300,"comment_status":"open","ping_status":"open","sticky":false,"template":"","format":"standard","meta":{"colormag_page_container_layout":"default_layout","colormag_page_sidebar_layout":"default_layout","jetpack_post_was_ever_published":false,"_jetpack_newsletter_access":"","_jetpack_dont_email_post_to_subs":false,"_jetpack_newsletter_tier_id":0,"_jetpack_memberships_contains_paywalled_content":false,"_jetpack_memberships_contains_paid_content":false,"footnotes":""},"categories":[2],"tags":[],"class_list":["post-7784","post","type-post","status-publish","format-standard","has-post-thumbnail","hentry","category-politica"],"jetpack_featured_media_url":"https:\/\/www.tribunanf.com.br\/blogdoralfereis\/wp-content\/uploads\/sites\/11\/2021\/07\/castro.jpg","jetpack_sharing_enabled":true,"_links":{"self":[{"href":"https:\/\/www.tribunanf.com.br\/blogdoralfereis\/wp-json\/wp\/v2\/posts\/7784","targetHints":{"allow":["GET"]}}],"collection":[{"href":"https:\/\/www.tribunanf.com.br\/blogdoralfereis\/wp-json\/wp\/v2\/posts"}],"about":[{"href":"https:\/\/www.tribunanf.com.br\/blogdoralfereis\/wp-json\/wp\/v2\/types\/post"}],"author":[{"embeddable":true,"href":"https:\/\/www.tribunanf.com.br\/blogdoralfereis\/wp-json\/wp\/v2\/users\/2"}],"replies":[{"embeddable":true,"href":"https:\/\/www.tribunanf.com.br\/blogdoralfereis\/wp-json\/wp\/v2\/comments?post=7784"}],"version-history":[{"count":0,"href":"https:\/\/www.tribunanf.com.br\/blogdoralfereis\/wp-json\/wp\/v2\/posts\/7784\/revisions"}],"wp:featuredmedia":[{"embeddable":true,"href":"https:\/\/www.tribunanf.com.br\/blogdoralfereis\/wp-json\/wp\/v2\/media\/7300"}],"wp:attachment":[{"href":"https:\/\/www.tribunanf.com.br\/blogdoralfereis\/wp-json\/wp\/v2\/media?parent=7784"}],"wp:term":[{"taxonomy":"category","embeddable":true,"href":"https:\/\/www.tribunanf.com.br\/blogdoralfereis\/wp-json\/wp\/v2\/categories?post=7784"},{"taxonomy":"post_tag","embeddable":true,"href":"https:\/\/www.tribunanf.com.br\/blogdoralfereis\/wp-json\/wp\/v2\/tags?post=7784"}],"curies":[{"name":"wp","href":"https:\/\/api.w.org\/{rel}","templated":true}]}}