{"id":7754,"date":"2021-10-01T18:09:36","date_gmt":"2021-10-01T21:09:36","guid":{"rendered":"https:\/\/www.tribunanf.com.br\/blogdoralfereis\/?p=7754"},"modified":"2021-10-01T18:09:36","modified_gmt":"2021-10-01T21:09:36","slug":"estado-rj-antecipa-pagamento-do-salario-de-setembro-para-os-servidores-na-proxima-sexta-feira","status":"publish","type":"post","link":"https:\/\/www.tribunanf.com.br\/blogdoralfereis\/2021\/10\/01\/estado-rj-antecipa-pagamento-do-salario-de-setembro-para-os-servidores-na-proxima-sexta-feira\/","title":{"rendered":"Estado RJ antecipa pagamento do sal\u00e1rio de setembro para os servidores na pr\u00f3xima sexta-feira"},"content":{"rendered":"<p><img loading=\"lazy\" decoding=\"async\" class=\"aligncenter size-full wp-image-4584\" src=\"https:\/\/www.tribunanf.com.br\/blogdoralfereis\/wp-content\/uploads\/sites\/11\/2020\/07\/palacio_guanabara.jpg\" alt=\"\" width=\"1008\" height=\"567\" srcset=\"https:\/\/www.tribunanf.com.br\/blogdoralfereis\/wp-content\/uploads\/sites\/11\/2020\/07\/palacio_guanabara.jpg 1008w, https:\/\/www.tribunanf.com.br\/blogdoralfereis\/wp-content\/uploads\/sites\/11\/2020\/07\/palacio_guanabara-300x169.jpg 300w, https:\/\/www.tribunanf.com.br\/blogdoralfereis\/wp-content\/uploads\/sites\/11\/2020\/07\/palacio_guanabara-768x432.jpg 768w\" sizes=\"auto, (max-width: 1008px) 100vw, 1008px\" \/><\/p>\n<p style=\"text-align: justify;\">O Governo do Estado do Rio vai antecipar, na pr\u00f3xima sexta-feira, 8, o pagamento dos sal\u00e1rios de setembro para 462.833 servidores ativos, inativos e pensionistas. Segundo o Executivo estadual, esta \u00e9 a 11\u00aa vez desde que o governador Cl\u00e1udio Castro assumiu o comando do estado que o pagamento \u00e9 feito antes do d\u00e9cimo dia \u00fatil, conforme prev\u00ea o calend\u00e1rio oficial.<\/p>\n<p style=\"text-align: justify;\">O valor l\u00edquido da folha de setembro \u00e9 de R$ 1,9 bilh\u00e3o. Os dep\u00f3sitos ser\u00e3o efetuados ao longo do dia, mesmo ap\u00f3s o t\u00e9rmino do expediente banc\u00e1rio.<\/p>\n<p style=\"text-align: justify;\">&#8220;Esse \u00e9 o resultado do nosso trabalho de gest\u00e3o respons\u00e1vel das contas p\u00fablicas. O servidor \u00e9 parte fundamental e merece ser sempre valorizado&#8221;, destaca o governador Cl\u00e1udio Castro.<\/p>\n<p style=\"text-align: justify;\">Para o secret\u00e1rio estadual de Fazenda, Nelson Rocha, essa antecipa\u00e7\u00e3o refor\u00e7a o atual momento financeiro do estado.<\/p>\n<p style=\"text-align: justify;\">&#8220;O pagamento dos sal\u00e1rios no quinto dia \u00fatil e \u00e0s v\u00e9speras do feriado de 12 de outubro vai ajudar a movimentar a economia do estado, al\u00e9m de ser um reconhecimento ao trabalho dos servidores&#8221;, diz Nelson Rocha.<\/p>\n","protected":false},"excerpt":{"rendered":"<p>O Governo do Estado do Rio vai antecipar, na pr\u00f3xima sexta-feira, 8, o pagamento dos sal\u00e1rios de setembro para 462.833&#8230;<\/p>\n","protected":false},"author":2,"featured_media":4584,"comment_status":"open","ping_status":"open","sticky":false,"template":"","format":"standard","meta":{"colormag_page_container_layout":"default_layout","colormag_page_sidebar_layout":"default_layout","jetpack_post_was_ever_published":false,"_jetpack_newsletter_access":"","_jetpack_dont_email_post_to_subs":false,"_jetpack_newsletter_tier_id":0,"_jetpack_memberships_contains_paywalled_content":false,"_jetpack_memberships_contains_paid_content":false,"footnotes":""},"categories":[7],"tags":[],"class_list":["post-7754","post","type-post","status-publish","format-standard","has-post-thumbnail","hentry","category-economia"],"jetpack_featured_media_url":"https:\/\/www.tribunanf.com.br\/blogdoralfereis\/wp-content\/uploads\/sites\/11\/2020\/07\/palacio_guanabara.jpg","jetpack_sharing_enabled":true,"_links":{"self":[{"href":"https:\/\/www.tribunanf.com.br\/blogdoralfereis\/wp-json\/wp\/v2\/posts\/7754","targetHints":{"allow":["GET"]}}],"collection":[{"href":"https:\/\/www.tribunanf.com.br\/blogdoralfereis\/wp-json\/wp\/v2\/posts"}],"about":[{"href":"https:\/\/www.tribunanf.com.br\/blogdoralfereis\/wp-json\/wp\/v2\/types\/post"}],"author":[{"embeddable":true,"href":"https:\/\/www.tribunanf.com.br\/blogdoralfereis\/wp-json\/wp\/v2\/users\/2"}],"replies":[{"embeddable":true,"href":"https:\/\/www.tribunanf.com.br\/blogdoralfereis\/wp-json\/wp\/v2\/comments?post=7754"}],"version-history":[{"count":0,"href":"https:\/\/www.tribunanf.com.br\/blogdoralfereis\/wp-json\/wp\/v2\/posts\/7754\/revisions"}],"wp:featuredmedia":[{"embeddable":true,"href":"https:\/\/www.tribunanf.com.br\/blogdoralfereis\/wp-json\/wp\/v2\/media\/4584"}],"wp:attachment":[{"href":"https:\/\/www.tribunanf.com.br\/blogdoralfereis\/wp-json\/wp\/v2\/media?parent=7754"}],"wp:term":[{"taxonomy":"category","embeddable":true,"href":"https:\/\/www.tribunanf.com.br\/blogdoralfereis\/wp-json\/wp\/v2\/categories?post=7754"},{"taxonomy":"post_tag","embeddable":true,"href":"https:\/\/www.tribunanf.com.br\/blogdoralfereis\/wp-json\/wp\/v2\/tags?post=7754"}],"curies":[{"name":"wp","href":"https:\/\/api.w.org\/{rel}","templated":true}]}}