{"id":7728,"date":"2021-09-30T09:09:32","date_gmt":"2021-09-30T12:09:32","guid":{"rendered":"https:\/\/www.tribunanf.com.br\/blogdoralfereis\/?p=7728"},"modified":"2021-09-30T09:09:32","modified_gmt":"2021-09-30T12:09:32","slug":"acordo-garante-manutencao-de-trienios-e-concursos-publicos-no-estado-do-rio","status":"publish","type":"post","link":"https:\/\/www.tribunanf.com.br\/blogdoralfereis\/2021\/09\/30\/acordo-garante-manutencao-de-trienios-e-concursos-publicos-no-estado-do-rio\/","title":{"rendered":"Acordo garante manuten\u00e7\u00e3o de tri\u00eanios e concursos p\u00fablicos no Estado do Rio"},"content":{"rendered":"<p><img loading=\"lazy\" decoding=\"async\" class=\"aligncenter size-large wp-image-7595\" src=\"https:\/\/www.tribunanf.com.br\/blogdoralfereis\/wp-content\/uploads\/sites\/11\/2021\/09\/alerj-ceciliano-1024x638.jpg\" alt=\"\" width=\"800\" height=\"498\" \/><\/p>\n<p style=\"text-align: justify;\">A partir das 10h de hoje, os deputados da Assembleia Legislativa do Rio se re\u00fanem no Col\u00e9gio de l\u00edderes para encaminhar as emendas que dar\u00e3o base aos substitutivos que a Casa apresentar\u00e1 aos projetos do Regime de Recupera\u00e7\u00e3o Fiscal (RRF). J\u00e1 est\u00e1 encaminhado acordo com o Executivo para garantir a manuten\u00e7\u00e3o do adicional por tempo de servi\u00e7o (tri\u00eanio) dos atuais servidores e dos concursos para reposi\u00e7\u00e3o de pessoal.<\/p>\n<p style=\"text-align: justify;\">Nesta reuni\u00e3o, n\u00e3o ser\u00e3o discutidas as sugest\u00f5es de aditivos \u00e0 reforma previdenci\u00e1ria, que passar\u00e3o a ser analisadas ao longo do final de semana por uma for\u00e7a-tarefa formada pela Secretaria de Fazenda, Rioprevid\u00eancia e outras pastas, al\u00e9m do l\u00edder do governo, M\u00e1rcio Pacheco (PSC).<\/p>\n<p style=\"text-align: justify;\"><strong>AN\u00c1LISE NOS \u00daLTIMOS DIAS<\/strong><\/p>\n<p style=\"text-align: justify;\">Nesses \u00faltimos dias, as pastas j\u00e1 se debru\u00e7aram sobre as propostas de modifica\u00e7\u00e3o aos textos que preveem o teto de gastos p\u00fablicos (PLC 46), a extin\u00e7\u00e3o do tri\u00eanio (PLC 48) e a autoriza\u00e7\u00e3o do ingresso do Rio no regime (PL 4852) \u2014 que imp\u00f5e limita\u00e7\u00f5es ao estado como, por exemplo, a novos certames.<\/p>\n<p style=\"text-align: justify;\"><strong>CASA J\u00c1 FEZ 5 AUDI\u00caNCIAS<\/strong><\/p>\n<p style=\"text-align: justify;\">Os projetos apresentados pelo governo fluminense para a ades\u00e3o do Rio ao novo regime foram entregues ao Legislativo em 9 de setembro. Desde ent\u00e3o, j\u00e1 foram realizadas cinco audi\u00eancias p\u00fablicas pelas comiss\u00f5es da Casa para discutir as mat\u00e9rias.<\/p>\n<p style=\"text-align: justify;\"><strong>DEZ ANOS DE REGIME FISCAL<\/strong><\/p>\n<p style=\"text-align: justify;\">Diferente da primeira vers\u00e3o \u2014 criada pela Lei Complementar 159 de 2017 \u2014, que tinha dura\u00e7\u00e3o de seis anos, agora a recupera\u00e7\u00e3o fiscal vigora por 10 anos.<\/p>\n<p style=\"text-align: justify;\">Pelas novas condi\u00e7\u00f5es, o RRF suspende o pagamento da d\u00edvida do estado com a Uni\u00e3o nos primeiros12 meses. Nos anos seguintes, as parcelas s\u00e3o retomadas de forma gradual. O estoque da d\u00edvida \u00e9 de R$ 172bilh\u00f5es. Ao todo, o Rio ter\u00e1 30 anos para quitar essa obriga\u00e7\u00e3o.<\/p>\n<p style=\"text-align: justify;\">Fonte: Coluna Servidor, O Dia<\/p>\n","protected":false},"excerpt":{"rendered":"<p>A partir das 10h de hoje, os deputados da Assembleia Legislativa do Rio se re\u00fanem no Col\u00e9gio de l\u00edderes para&#8230;<\/p>\n","protected":false},"author":2,"featured_media":7595,"comment_status":"open","ping_status":"open","sticky":false,"template":"","format":"standard","meta":{"colormag_page_container_layout":"default_layout","colormag_page_sidebar_layout":"default_layout","jetpack_post_was_ever_published":false,"_jetpack_newsletter_access":"","_jetpack_dont_email_post_to_subs":false,"_jetpack_newsletter_tier_id":0,"_jetpack_memberships_contains_paywalled_content":false,"_jetpack_memberships_contains_paid_content":false,"footnotes":""},"categories":[2],"tags":[],"class_list":["post-7728","post","type-post","status-publish","format-standard","has-post-thumbnail","hentry","category-politica"],"jetpack_featured_media_url":"https:\/\/www.tribunanf.com.br\/blogdoralfereis\/wp-content\/uploads\/sites\/11\/2021\/09\/alerj-ceciliano-e1631645803748.jpg","jetpack_sharing_enabled":true,"_links":{"self":[{"href":"https:\/\/www.tribunanf.com.br\/blogdoralfereis\/wp-json\/wp\/v2\/posts\/7728","targetHints":{"allow":["GET"]}}],"collection":[{"href":"https:\/\/www.tribunanf.com.br\/blogdoralfereis\/wp-json\/wp\/v2\/posts"}],"about":[{"href":"https:\/\/www.tribunanf.com.br\/blogdoralfereis\/wp-json\/wp\/v2\/types\/post"}],"author":[{"embeddable":true,"href":"https:\/\/www.tribunanf.com.br\/blogdoralfereis\/wp-json\/wp\/v2\/users\/2"}],"replies":[{"embeddable":true,"href":"https:\/\/www.tribunanf.com.br\/blogdoralfereis\/wp-json\/wp\/v2\/comments?post=7728"}],"version-history":[{"count":0,"href":"https:\/\/www.tribunanf.com.br\/blogdoralfereis\/wp-json\/wp\/v2\/posts\/7728\/revisions"}],"wp:featuredmedia":[{"embeddable":true,"href":"https:\/\/www.tribunanf.com.br\/blogdoralfereis\/wp-json\/wp\/v2\/media\/7595"}],"wp:attachment":[{"href":"https:\/\/www.tribunanf.com.br\/blogdoralfereis\/wp-json\/wp\/v2\/media?parent=7728"}],"wp:term":[{"taxonomy":"category","embeddable":true,"href":"https:\/\/www.tribunanf.com.br\/blogdoralfereis\/wp-json\/wp\/v2\/categories?post=7728"},{"taxonomy":"post_tag","embeddable":true,"href":"https:\/\/www.tribunanf.com.br\/blogdoralfereis\/wp-json\/wp\/v2\/tags?post=7728"}],"curies":[{"name":"wp","href":"https:\/\/api.w.org\/{rel}","templated":true}]}}