{"id":7725,"date":"2021-09-29T22:51:13","date_gmt":"2021-09-30T01:51:13","guid":{"rendered":"https:\/\/www.tribunanf.com.br\/blogdoralfereis\/?p=7725"},"modified":"2021-09-29T22:51:13","modified_gmt":"2021-09-30T01:51:13","slug":"psl-e-dem-decidem-nome-e-numero-do-novo-partido-saiba-quais-serao","status":"publish","type":"post","link":"https:\/\/www.tribunanf.com.br\/blogdoralfereis\/2021\/09\/29\/psl-e-dem-decidem-nome-e-numero-do-novo-partido-saiba-quais-serao\/","title":{"rendered":"PSL e DEM decidem nome e n\u00famero do novo partido. Saiba quais ser\u00e3o"},"content":{"rendered":"<p><img loading=\"lazy\" decoding=\"async\" class=\"aligncenter size-large wp-image-7726\" src=\"https:\/\/www.tribunanf.com.br\/blogdoralfereis\/wp-content\/uploads\/sites\/11\/2021\/09\/psl-1_Easy-Resize.com_-1024x616.jpg\" alt=\"\" width=\"800\" height=\"481\" \/><\/p>\n<p style=\"text-align: justify;\">Numa reuni\u00e3o realizada nesta quarta-feira em Bras\u00edlia, as c\u00fapulas do PSL e do DEM bateram o martelo a respeito do nome e do n\u00famero do partido que resultar\u00e1 na fus\u00e3o das duas siglas.<\/p>\n<p style=\"text-align: justify;\">Definiram Uni\u00e3o Brasil como o nome. E o 44 como o n\u00famero, deixando para tr\u00e1s o 25 do DEM e o 17 do PSL.<\/p>\n<p style=\"text-align: justify;\">A conven\u00e7\u00e3o conjunta para sacramentar a fus\u00e3o j\u00e1 tem at\u00e9 datas previstas para ocorrer: dias 6 ou 20 de outubro.<\/p>\n<p style=\"text-align: justify;\">Com informa\u00e7\u00f5es Blog do Lauro Jardim.<\/p>\n","protected":false},"excerpt":{"rendered":"<p>Numa reuni\u00e3o realizada nesta quarta-feira em Bras\u00edlia, as c\u00fapulas do PSL e do DEM bateram o martelo a respeito do&#8230;<\/p>\n","protected":false},"author":2,"featured_media":7726,"comment_status":"open","ping_status":"open","sticky":false,"template":"","format":"standard","meta":{"colormag_page_container_layout":"default_layout","colormag_page_sidebar_layout":"default_layout","jetpack_post_was_ever_published":false,"_jetpack_newsletter_access":"","_jetpack_dont_email_post_to_subs":false,"_jetpack_newsletter_tier_id":0,"_jetpack_memberships_contains_paywalled_content":false,"_jetpack_memberships_contains_paid_content":false,"footnotes":""},"categories":[2],"tags":[],"class_list":["post-7725","post","type-post","status-publish","format-standard","has-post-thumbnail","hentry","category-politica"],"jetpack_featured_media_url":"https:\/\/www.tribunanf.com.br\/blogdoralfereis\/wp-content\/uploads\/sites\/11\/2021\/09\/psl-1_Easy-Resize.com_-e1632966652590.jpg","jetpack_sharing_enabled":true,"_links":{"self":[{"href":"https:\/\/www.tribunanf.com.br\/blogdoralfereis\/wp-json\/wp\/v2\/posts\/7725","targetHints":{"allow":["GET"]}}],"collection":[{"href":"https:\/\/www.tribunanf.com.br\/blogdoralfereis\/wp-json\/wp\/v2\/posts"}],"about":[{"href":"https:\/\/www.tribunanf.com.br\/blogdoralfereis\/wp-json\/wp\/v2\/types\/post"}],"author":[{"embeddable":true,"href":"https:\/\/www.tribunanf.com.br\/blogdoralfereis\/wp-json\/wp\/v2\/users\/2"}],"replies":[{"embeddable":true,"href":"https:\/\/www.tribunanf.com.br\/blogdoralfereis\/wp-json\/wp\/v2\/comments?post=7725"}],"version-history":[{"count":0,"href":"https:\/\/www.tribunanf.com.br\/blogdoralfereis\/wp-json\/wp\/v2\/posts\/7725\/revisions"}],"wp:featuredmedia":[{"embeddable":true,"href":"https:\/\/www.tribunanf.com.br\/blogdoralfereis\/wp-json\/wp\/v2\/media\/7726"}],"wp:attachment":[{"href":"https:\/\/www.tribunanf.com.br\/blogdoralfereis\/wp-json\/wp\/v2\/media?parent=7725"}],"wp:term":[{"taxonomy":"category","embeddable":true,"href":"https:\/\/www.tribunanf.com.br\/blogdoralfereis\/wp-json\/wp\/v2\/categories?post=7725"},{"taxonomy":"post_tag","embeddable":true,"href":"https:\/\/www.tribunanf.com.br\/blogdoralfereis\/wp-json\/wp\/v2\/tags?post=7725"}],"curies":[{"name":"wp","href":"https:\/\/api.w.org\/{rel}","templated":true}]}}