{"id":7703,"date":"2021-09-26T16:30:30","date_gmt":"2021-09-26T19:30:30","guid":{"rendered":"https:\/\/www.tribunanf.com.br\/blogdoralfereis\/?p=7703"},"modified":"2021-09-26T16:33:31","modified_gmt":"2021-09-26T19:33:31","slug":"oab-emite-nota-de-repudio-contra-rodrigo-bacellar-apos-ataques-a-primeira-dama-tassiana-oliveira","status":"publish","type":"post","link":"https:\/\/www.tribunanf.com.br\/blogdoralfereis\/2021\/09\/26\/oab-emite-nota-de-repudio-contra-rodrigo-bacellar-apos-ataques-a-primeira-dama-tassiana-oliveira\/","title":{"rendered":"OAB emite nota de rep\u00fadio contra Rodrigo Bacellar ap\u00f3s ataques a primeira-dama Tassiana Oliveira"},"content":{"rendered":"<p><img loading=\"lazy\" decoding=\"async\" class=\"aligncenter size-full wp-image-7704\" src=\"https:\/\/www.tribunanf.com.br\/blogdoralfereis\/wp-content\/uploads\/sites\/11\/2021\/09\/primeira-dama-8-640x400-1.jpg\" alt=\"\" width=\"640\" height=\"400\" srcset=\"https:\/\/www.tribunanf.com.br\/blogdoralfereis\/wp-content\/uploads\/sites\/11\/2021\/09\/primeira-dama-8-640x400-1.jpg 640w, https:\/\/www.tribunanf.com.br\/blogdoralfereis\/wp-content\/uploads\/sites\/11\/2021\/09\/primeira-dama-8-640x400-1-300x188.jpg 300w\" sizes=\"auto, (max-width: 640px) 100vw, 640px\" \/><\/p>\n<p style=\"text-align: justify;\">A Diretoria de Mulheres da OAB-RJ e OAB Mulher Campos emitiram nota de rep\u00fadio contra o deputado e secret\u00e1rio de Governo do Estado Rodrigo Bacellar ap\u00f3s atacar a primeira-dama do munic\u00edpio Tassiana Oliveira.<\/p>\n<p style=\"text-align: justify;\">Ontem, ao rebater o prefeito Wladimir Garotinho, Rodrigo desferiu ataques a Tassiana.<\/p>\n<p style=\"text-align: justify;\">Confira a nota:<\/p>\n<p style=\"text-align: justify;\">&#8220;A DIRETORIA DE MULHERES DA OAB-RJ E A OAB MULHER CAMPOS repudia veementemente toda e qualquer viol\u00eancia sofrida pelas mulheres e por Tassiana Oliveira. Recentemente a Primeira-dama de Campos dos Goytacazes\/RJ se deparou com a produ\u00e7\u00e3o e distribui\u00e7\u00e3o de conte\u00fado em m\u00eddias sociais, veiculando sua imagem \u00e0 frase difamat\u00f3ria, de cunho sexista e mis\u00f3gino, implicando em desrespeito \u00e0 dignidade humana, com a finalidade de desqualificar e deslegitimar a sua imagem.<\/p>\n<p style=\"text-align: justify;\">\u00c9 inadmiss\u00edvel que tal viol\u00eancia seja perpetrada por pessoas revestidas em cargos pol\u00edticos, fragilizando assim diretamente a democracia.<\/p>\n<p style=\"text-align: justify;\">As viol\u00eancias sofridas pelas mulheres, sejam elas f\u00edsicas, patrimoniais, morais, sexuais, psicol\u00f3gicas, ou pol\u00edticas de g\u00eanero s\u00e3o viol\u00eancias que superam o \u00e2mbito regional e at\u00e9 mesmo nacional.<\/p>\n<p style=\"text-align: justify;\">Historicamente a politica \u00e9 um espa\u00e7o masculino que exclui e marginaliza as mulheres e outros grupos subalternizados, reflexo do car\u00e1ter machista e patriarcal enraizado nas estruturas institucionais e na cultura social.<br \/>\nDiariamente mulheres sofrem todos os tipos de viol\u00eancia em todo o mundo, personificando-se nas m\u00eddias sociais com conte\u00fados sexistas para deslegitimar sua imagem. S\u00e3o v\u00edtimas de amea\u00e7as de morte, s\u00e3o mortas para serem silenciadas, perseguidas, exiladas, agredidas, estupradas, al\u00e9m de terem seus corpos objetificados.<\/p>\n<p style=\"text-align: justify;\">Por certo, recha\u00e7amos que toda viol\u00eancia contra as mulheres deve ser combatida e com a devida responsabiliza\u00e7\u00e3o das condutas praticadas, que configuram crimes previstos no C\u00f3digo Penal. \u00c9 inaceit\u00e1vel normalizar essa pr\u00e1tica que reafirma uma cultura que deve ser desconstru\u00edda recorrentemente e combatida por toda sociedade e autoridades com a ado\u00e7\u00e3o das medidas cab\u00edveis.<\/p>\n<p style=\"text-align: justify;\">Reitera-se o compromisso desta Diretoria e Comiss\u00e3o com a constante defesa pela igualdade de g\u00eanero, prote\u00e7\u00e3o \u00e0s mulheres, bem como a preserva\u00e7\u00e3o do princ\u00edpio da dignidade humana.<\/p>\n<p style=\"text-align: justify;\">Marisa Gaudio &#8211; Diretora de Mulheres da OAB-RJ<br \/>\nKelly Viter &#8211; Presidente da OAB Mulher Campos-RJ<\/p>\n<p><iframe loading=\"lazy\" style=\"border: none; overflow: hidden;\" src=\"https:\/\/www.facebook.com\/plugins\/post.php?href=https%3A%2F%2Fwww.facebook.com%2Foabcampos%2Fposts%2F4226289694146072&amp;show_text=true&amp;width=500\" width=\"500\" height=\"729\" frameborder=\"0\" scrolling=\"no\" allowfullscreen=\"allowfullscreen\"><\/iframe><\/p>\n<p>Leia tamb\u00e9m: <a href=\"https:\/\/www.tribunanf.com.br\/blogdoralfereis\/2021\/09\/25\/wladimir-x-bacellarreuniao-de-um-deputado-estadual-hoje-contou-ate-com-a-presenca-ilustre-de-rafael-diniz\/\" target=\"_blank\" rel=\"noopener\">Wladimir x Bacellar:\u2019Reuni\u00e3o de um deputado estadual hoje contou at\u00e9 com a presen\u00e7a ilustre de Rafael Diniz\u2019<\/a><\/p>\n<p><a href=\"https:\/\/www.tribunanf.com.br\/blogdoralfereis\/2021\/09\/25\/ao-estilo-bacellar-rodrigo-rebate-wladimir-garotinho\/\" target=\"_blank\" rel=\"noopener\">Ao estilo Bacellar, Rodrigo rebate Wladimir Garotinho<\/a><\/p>\n<p><a href=\"https:\/\/www.tribunanf.com.br\/blogdoralfereis\/2021\/09\/26\/wladimir-rebate-rodrigo-bacellar\/\" target=\"_blank\" rel=\"noopener\">Wladimir rebate Rodrigo Bacellar<\/a><\/p>\n","protected":false},"excerpt":{"rendered":"<p>A Diretoria de Mulheres da OAB-RJ e OAB Mulher Campos emitiram nota de rep\u00fadio contra o deputado e secret\u00e1rio de&#8230;<\/p>\n","protected":false},"author":2,"featured_media":7704,"comment_status":"open","ping_status":"open","sticky":false,"template":"","format":"standard","meta":{"colormag_page_container_layout":"default_layout","colormag_page_sidebar_layout":"default_layout","jetpack_post_was_ever_published":false,"_jetpack_newsletter_access":"","_jetpack_dont_email_post_to_subs":false,"_jetpack_newsletter_tier_id":0,"_jetpack_memberships_contains_paywalled_content":false,"_jetpack_memberships_contains_paid_content":false,"footnotes":""},"categories":[2],"tags":[],"class_list":["post-7703","post","type-post","status-publish","format-standard","has-post-thumbnail","hentry","category-politica"],"jetpack_featured_media_url":"https:\/\/www.tribunanf.com.br\/blogdoralfereis\/wp-content\/uploads\/sites\/11\/2021\/09\/primeira-dama-8-640x400-1.jpg","jetpack_sharing_enabled":true,"_links":{"self":[{"href":"https:\/\/www.tribunanf.com.br\/blogdoralfereis\/wp-json\/wp\/v2\/posts\/7703","targetHints":{"allow":["GET"]}}],"collection":[{"href":"https:\/\/www.tribunanf.com.br\/blogdoralfereis\/wp-json\/wp\/v2\/posts"}],"about":[{"href":"https:\/\/www.tribunanf.com.br\/blogdoralfereis\/wp-json\/wp\/v2\/types\/post"}],"author":[{"embeddable":true,"href":"https:\/\/www.tribunanf.com.br\/blogdoralfereis\/wp-json\/wp\/v2\/users\/2"}],"replies":[{"embeddable":true,"href":"https:\/\/www.tribunanf.com.br\/blogdoralfereis\/wp-json\/wp\/v2\/comments?post=7703"}],"version-history":[{"count":0,"href":"https:\/\/www.tribunanf.com.br\/blogdoralfereis\/wp-json\/wp\/v2\/posts\/7703\/revisions"}],"wp:featuredmedia":[{"embeddable":true,"href":"https:\/\/www.tribunanf.com.br\/blogdoralfereis\/wp-json\/wp\/v2\/media\/7704"}],"wp:attachment":[{"href":"https:\/\/www.tribunanf.com.br\/blogdoralfereis\/wp-json\/wp\/v2\/media?parent=7703"}],"wp:term":[{"taxonomy":"category","embeddable":true,"href":"https:\/\/www.tribunanf.com.br\/blogdoralfereis\/wp-json\/wp\/v2\/categories?post=7703"},{"taxonomy":"post_tag","embeddable":true,"href":"https:\/\/www.tribunanf.com.br\/blogdoralfereis\/wp-json\/wp\/v2\/tags?post=7703"}],"curies":[{"name":"wp","href":"https:\/\/api.w.org\/{rel}","templated":true}]}}