{"id":7697,"date":"2021-09-25T13:24:51","date_gmt":"2021-09-25T16:24:51","guid":{"rendered":"https:\/\/www.tribunanf.com.br\/blogdoralfereis\/?p=7697"},"modified":"2021-09-25T14:08:42","modified_gmt":"2021-09-25T17:08:42","slug":"ao-estilo-bacellar-rodrigo-rebate-wladimir-garotinho","status":"publish","type":"post","link":"https:\/\/www.tribunanf.com.br\/blogdoralfereis\/2021\/09\/25\/ao-estilo-bacellar-rodrigo-rebate-wladimir-garotinho\/","title":{"rendered":"Ao estilo Bacellar, Rodrigo rebate Wladimir Garotinho"},"content":{"rendered":"<p><img loading=\"lazy\" decoding=\"async\" class=\"aligncenter wp-image-7698\" src=\"https:\/\/www.tribunanf.com.br\/blogdoralfereis\/wp-content\/uploads\/sites\/11\/2021\/09\/195414238_2864976367099277_6619598931012639032_n.jpg\" alt=\"\" width=\"735\" height=\"736\" srcset=\"https:\/\/www.tribunanf.com.br\/blogdoralfereis\/wp-content\/uploads\/sites\/11\/2021\/09\/195414238_2864976367099277_6619598931012639032_n.jpg 959w, https:\/\/www.tribunanf.com.br\/blogdoralfereis\/wp-content\/uploads\/sites\/11\/2021\/09\/195414238_2864976367099277_6619598931012639032_n-300x300.jpg 300w, https:\/\/www.tribunanf.com.br\/blogdoralfereis\/wp-content\/uploads\/sites\/11\/2021\/09\/195414238_2864976367099277_6619598931012639032_n-150x150.jpg 150w, https:\/\/www.tribunanf.com.br\/blogdoralfereis\/wp-content\/uploads\/sites\/11\/2021\/09\/195414238_2864976367099277_6619598931012639032_n-768x769.jpg 768w\" sizes=\"auto, (max-width: 735px) 100vw, 735px\" \/><\/p>\n<p style=\"text-align: justify;\">O deputado e Secret\u00e1rio de Estado de Governo, Rodrigo Bacellar, rebateu o prefeito Wladimir Garotinho.<\/p>\n<p style=\"text-align: justify;\">Na noite de sexta-feira, Wladimir provocou Bacellar atrav\u00e9s das redes sociais. Confira:<strong> <a href=\"https:\/\/www.tribunanf.com.br\/blogdoralfereis\/2021\/09\/25\/wladimir-x-bacellarreuniao-de-um-deputado-estadual-hoje-contou-ate-com-a-presenca-ilustre-de-rafael-diniz\/\" target=\"_blank\" rel=\"noopener\">Wladimir x Bacellar:\u2019Reuni\u00e3o de um deputado estadual hoje contou at\u00e9 com a presen\u00e7a ilustre de Rafael Diniz\u2019<\/a><\/strong><\/p>\n<p style=\"text-align: justify;\">Rodrigo inicia o texto com a f\u00e1bula do escorpi\u00e3o. Sem mais delongas, confira abaixo:<\/p>\n<p style=\"text-align: justify;\">&#8220;O ESCORPI\u00c3O<br \/>\nInicio esta postagem com a velha f\u00e1bula de Esopo, que provavelmente todo mundo conhece:<br \/>\n\u201cUm escorpi\u00e3o precisava atravessar um lago, mas n\u00e3o sabia nadar. Pediu ent\u00e3o ajuda a uma r\u00e3, que estava prestes a faz\u00ea-lo, j\u00e1 na margem.<br \/>\nE a resposta da r\u00e3 foi imediata:<br \/>\n\u2013 T\u00e1 pensando que eu sou trouxa! Voc\u00ea vai me picar!<br \/>\nE o escorpi\u00e3o disse:<br \/>\n\u2013 Ora essa! Se eu te picar n\u00f3s dois morremos! Fique tranquila.<br \/>\nA r\u00e3, convencida pelo argumento, concordou. O escorpi\u00e3o subiu em suas costas e l\u00e1 foram os dois, deslizando suavemente pela superf\u00edcie da \u00e1gua. Quando estavam quase alcan\u00e7ando o outro lado, a r\u00e3 sentiu uma picada nas costas!<br \/>\n\u2013 Ai!<br \/>\nE enquanto come\u00e7a a sucumbir envenenada, perguntou ao escorpi\u00e3o:<br \/>\n\u2013 Cara! Por que voc\u00ea me picou? Agora n\u00f3s dois vamos morrer!<br \/>\nE o escorpi\u00e3o respondeu:<br \/>\n\u2013 N\u00e3o pude fazer nada\u2026 essa \u00e9 minha natureza.\u201d<br \/>\nEssa f\u00e1bula serve exatamente pra que o povo campista entenda algumas atitudes do filho dos ex-presidi\u00e1rios. N\u00e3o importa o que as pessoas fa\u00e7am ou lhes ajude, ele sempre ao final vai \u201cte picar\u201d. Herdou isso do pai.<br \/>\nCom o tempo e a experi\u00eancia que venho adquirindo na pol\u00edtica, posso dizer que mudei. Falando por mim, hoje consigo enxergar que um homem p\u00fablico, por mais falhas que possa ter cometido, antes de tudo \u00e9 um ser humano. E como tal, merece respeito a sua dignidade.<br \/>\nDiverg\u00eancias pol\u00edticas sempre v\u00e3o existir, pois cada pessoa ou grupo sempre tem vis\u00f5es diferentes. E acredito que, mesmo quando politicamente antag\u00f4nicos, os homens p\u00fablicos n\u00e3o precisam nutrir \u00f3dio ou inimizades.<br \/>\nTive v\u00e1rias diverg\u00eancias com o \u00faltimo Prefeito, antecessor do escorpi\u00e3o&#8230; Todas elas eram quanto a figura dele como \u201cgestor\u201d, mas eu sempre soube respeitar a \u201cpessoa\u201d, diferenciando diverg\u00eancia de inimizade.<br \/>\nNo meio pol\u00edtico todos entendem a raiva que o escorpi\u00e3o tem do seu antecessor. Ele reverbera seu veneno por inseguran\u00e7a conjugal, pois sua esposa parece que sempre sonhou ser primeira-dama. Pela rela\u00e7\u00e3o amorosa que teve com o seu antecessor, o escorpi\u00e3o em toda oportunidade sempre busca atac\u00e1-lo de forma insidiosa. Isso \u00e9 t\u00edpico de homens inseguros, a gente at\u00e9 entende!<br \/>\nMas eu afirmo, escorpi\u00e3o: Pode ficar tranquilo. O ex-Prefeito atualmente est\u00e1 casado e feliz, n\u00e3o representa o perigo que voc\u00ea imagina, n\u00e3o leva pro cora\u00e7\u00e3o esse recalque! Devia se preocupar mais com o futuro pol\u00edtico dela, pois se for mesmo pra Bras\u00edlia como voc\u00ea planeja, as chances de voc\u00ea ser passado pra tr\u00e1s s\u00e3o bem maiores!<br \/>\nE pe\u00e7o pela \u00faltima vez: pare de ficar \u201cjogando pra galera\u201d, pois todo mundo v\u00ea quem realmente voc\u00ea \u00e9. Voc\u00ea coloca o rabinho entre as pernas, ou melhor, \u201co ferr\u00e3o entre as pernas\u201d, e vira e mexe est\u00e1 no Rio, se fazendo de v\u00edtima e chorando pro Governador dizendo que \u201cquer paz\u201d, com um discursinho piegas se fingindo de humilde. E logo que vira as costas, sempre que pode, come\u00e7a a atacar covardemente as pessoas que tem alguma proje\u00e7\u00e3o pol\u00edtica e n\u00e3o s\u00e3o seus capachos. Igualzinho seu pai, \u201cex-tri-presidi\u00e1rio\u201d. Quando n\u00e3o faz diretamente, aciona seu \u201cgabinete do \u00f3dio\u201d, e pede pra eles ficarem malhando as pessoas nas redes sociais. Lament\u00e1vel.<br \/>\nEscorpi\u00e3o, voc\u00ea devia era agradecer os 76 milh\u00f5es de reais que o Governador j\u00e1 disponibilizou pra voc\u00ea, ao inv\u00e9s de estar na internet falando besteira. Inclusive, voc\u00ea voltou l\u00e1 na capital h\u00e1 poucos dias pra chorar mais quase 80 milh\u00f5es ao Governador e ele se prontificou a liberar na minha frente, mas voc\u00ea sequer teve a hombridade de agradecer. Poderia, ao inv\u00e9s de ficar disseminando bobagens e intrigas nas redes, emitir uma nota de agradecimento, por si pr\u00f3prio, ou at\u00e9 mesmo usando dos seus \u201clacaios\u201d nas redes sociais.<br \/>\nA ingratid\u00e3o \u00e9 uma coisa muito mesquinha, ainda mais quando a gente sabe que voc\u00ea s\u00f3 t\u00e1 conseguindo manter sua folha salarial em dia gra\u00e7as a generosidade do Governador, que voc\u00ea nem agradece. Mas quem conhece suas origens j\u00e1 imagina o que vai acontecer na pr\u00f3xima elei\u00e7\u00e3o, n\u00e3o \u00e9? Est\u00e1 a caminho de mais uma facada nas costas&#8230; Ali\u00e1s&#8230; Picada! Esta \u00e9 a sua natureza!<br \/>\nEu lamento muito porque o Governador \u00e9 uma pessoa excepcional, mas eu j\u00e1 lhe avisei: o escorpi\u00e3o vai te picar! Mas espero sinceramente estar enganado e tor\u00e7o que ele n\u00e3o seja a sua pr\u00f3xima \u201cr\u00e3\u201d, pois pela pessoa que \u00e9, ele n\u00e3o merece!<br \/>\nEscorpi\u00e3o, o povo j\u00e1 t\u00e1 cansado. Todo mundo t\u00e1 vendo que voc\u00ea s\u00f3 quer prejudicar os mais pobres, afundar a economia municipal&#8230; Aumentou impostos, fez absurdos ilegais com o IPTU, est\u00e1 taxando tudo que pode&#8230; Mas acham que \u00e9 pra beneficiar o munic\u00edpio?<br \/>\nTodo mundo sabe que n\u00e3o! Todo mundo sabe que \u00e9 apenas pra beneficiar aquele reduzido grupinho de empresas que sempre mamaram nas tetas dos Governos dos seus pais!<br \/>\nEu repito, escorpi\u00e3o&#8230; Ao inv\u00e9s de ficar preocupado com a reuni\u00e3o dos outros, vai governar a cidade! O povo paga uma fortuna de ilumina\u00e7\u00e3o p\u00fablica e t\u00e1 quase tudo apagado. O povo t\u00e1 cansado de ver as ruas esburacadas. O povo t\u00e1 cansado de ser assaltado pela Secretaria de Fazenda com avalia\u00e7\u00f5es absurdas de ITBI e ISS&#8230; Se eu fosse enumerar aqui tudo que seu desgoverno tem feito de ruim, ia ter que escrever um livro&#8230;<br \/>\nPor fim, n\u00e3o vou me alongar. Vou continuar trabalhando pra ver se pelo menos \u201cdiminuo o preju\u00edzo\u201d do povo campista. Desde cedo aprendi com meu pai o que \u00e9 \u201ctrabalho\u201d. Tenho diploma de gradua\u00e7\u00e3o, p\u00f3s-gradua\u00e7\u00e3o, profiss\u00e3o e inscri\u00e7\u00e3o na OAB&#8230; N\u00e3o posso ficar aceitando cr\u00edticas de uma pessoa que nunca leu um livro sequer, que acho que n\u00e3o deve saber nem a tabuada de 7&#8230; Infelizmente, n\u00e3o posso mais me calar diante de uma pessoa que nunca trabalhou e se diz \u201cempres\u00e1rio\u201d, mas na verdade sempre viveu uma vida boa nas tetas do munic\u00edpio e do Estado.<br \/>\nPor fim, vai a frase de um Fil\u00f3sofo da plan\u00edcie: \u201cN\u00e3o entra n\u00e3o que \u00e9 furada!\u201d<br \/>\nO aviso t\u00e1 dado!<br \/>\n* Postagem em resposta a notinha que o prefeitinho mimado postou em suas redes sociais.&#8221;<\/p>\n<div class=\"fb-post\" data-href=\"https:\/\/www.facebook.com\/rodrigobacellaroficial\/photos\/a.1952599861670270\/2948109908785922\/\" data-width=\"552\" style=\"background-color: #fff; display: inline-block;\"><\/div>\n","protected":false},"excerpt":{"rendered":"<p>O deputado e Secret\u00e1rio de Estado de Governo, Rodrigo Bacellar, rebateu o prefeito Wladimir Garotinho. Na noite de sexta-feira, Wladimir&#8230;<\/p>\n","protected":false},"author":2,"featured_media":7698,"comment_status":"open","ping_status":"open","sticky":false,"template":"","format":"standard","meta":{"colormag_page_container_layout":"default_layout","colormag_page_sidebar_layout":"default_layout","jetpack_post_was_ever_published":false,"_jetpack_newsletter_access":"","_jetpack_dont_email_post_to_subs":false,"_jetpack_newsletter_tier_id":0,"_jetpack_memberships_contains_paywalled_content":false,"_jetpack_memberships_contains_paid_content":false,"footnotes":""},"categories":[2],"tags":[],"class_list":["post-7697","post","type-post","status-publish","format-standard","has-post-thumbnail","hentry","category-politica"],"jetpack_featured_media_url":"https:\/\/www.tribunanf.com.br\/blogdoralfereis\/wp-content\/uploads\/sites\/11\/2021\/09\/195414238_2864976367099277_6619598931012639032_n.jpg","jetpack_sharing_enabled":true,"_links":{"self":[{"href":"https:\/\/www.tribunanf.com.br\/blogdoralfereis\/wp-json\/wp\/v2\/posts\/7697","targetHints":{"allow":["GET"]}}],"collection":[{"href":"https:\/\/www.tribunanf.com.br\/blogdoralfereis\/wp-json\/wp\/v2\/posts"}],"about":[{"href":"https:\/\/www.tribunanf.com.br\/blogdoralfereis\/wp-json\/wp\/v2\/types\/post"}],"author":[{"embeddable":true,"href":"https:\/\/www.tribunanf.com.br\/blogdoralfereis\/wp-json\/wp\/v2\/users\/2"}],"replies":[{"embeddable":true,"href":"https:\/\/www.tribunanf.com.br\/blogdoralfereis\/wp-json\/wp\/v2\/comments?post=7697"}],"version-history":[{"count":0,"href":"https:\/\/www.tribunanf.com.br\/blogdoralfereis\/wp-json\/wp\/v2\/posts\/7697\/revisions"}],"wp:featuredmedia":[{"embeddable":true,"href":"https:\/\/www.tribunanf.com.br\/blogdoralfereis\/wp-json\/wp\/v2\/media\/7698"}],"wp:attachment":[{"href":"https:\/\/www.tribunanf.com.br\/blogdoralfereis\/wp-json\/wp\/v2\/media?parent=7697"}],"wp:term":[{"taxonomy":"category","embeddable":true,"href":"https:\/\/www.tribunanf.com.br\/blogdoralfereis\/wp-json\/wp\/v2\/categories?post=7697"},{"taxonomy":"post_tag","embeddable":true,"href":"https:\/\/www.tribunanf.com.br\/blogdoralfereis\/wp-json\/wp\/v2\/tags?post=7697"}],"curies":[{"name":"wp","href":"https:\/\/api.w.org\/{rel}","templated":true}]}}