{"id":7678,"date":"2021-09-23T08:19:57","date_gmt":"2021-09-23T11:19:57","guid":{"rendered":"https:\/\/www.tribunanf.com.br\/blogdoralfereis\/?p=7678"},"modified":"2021-09-23T08:19:57","modified_gmt":"2021-09-23T11:19:57","slug":"petistas-tentam-tirar-lula-de-cilada-sobre-regulacao-da-midia","status":"publish","type":"post","link":"https:\/\/www.tribunanf.com.br\/blogdoralfereis\/2021\/09\/23\/petistas-tentam-tirar-lula-de-cilada-sobre-regulacao-da-midia\/","title":{"rendered":"Petistas tentam tirar Lula de \u2018cilada\u2019 sobre regula\u00e7\u00e3o da m\u00eddia"},"content":{"rendered":"<p><img loading=\"lazy\" decoding=\"async\" class=\"aligncenter size-full wp-image-7679\" src=\"https:\/\/www.tribunanf.com.br\/blogdoralfereis\/wp-content\/uploads\/sites\/11\/2021\/09\/lula.jpg\" alt=\"\" width=\"680\" height=\"453\" srcset=\"https:\/\/www.tribunanf.com.br\/blogdoralfereis\/wp-content\/uploads\/sites\/11\/2021\/09\/lula.jpg 680w, https:\/\/www.tribunanf.com.br\/blogdoralfereis\/wp-content\/uploads\/sites\/11\/2021\/09\/lula-300x200.jpg 300w\" sizes=\"auto, (max-width: 680px) 100vw, 680px\" \/><\/p>\n<p style=\"text-align: justify;\">Com a continuidade do debate sobre regulamenta\u00e7\u00e3o da m\u00eddia pautando a campanha de Lula, alguns petistas gra\u00fados come\u00e7am a defender que o petista mate o assunto de vez e pare de seguir a ala mais radical do partido, que deseja usar sua campanha para esse tipo de picuinha.<\/p>\n<p style=\"text-align: justify;\">\u201cO presidente precisa ouvir menos a Gleisi e mais o Jaques Wagner. Ouvir quem quer olhar para o futuro e n\u00e3o ficar remoendo o passado\u201d, diz um petista.<\/p>\n<p style=\"text-align: justify;\">A leitura da turma que pensa no partido \u00e9 de que o petista deveria focar na pauta propositiva para o pa\u00eds, nas cr\u00edticas ao governo de Jair Bolsonaro e n\u00e3o em temas que mostram semelhan\u00e7as entre o petismo e o bolsonarismo, como o autoritarismo contra a imprensa livre.<\/p>\n<p style=\"text-align: justify;\">Radar Online, Veja*<\/p>\n","protected":false},"excerpt":{"rendered":"<p>Com a continuidade do debate sobre regulamenta\u00e7\u00e3o da m\u00eddia pautando a campanha de Lula, alguns petistas gra\u00fados come\u00e7am a defender&#8230;<\/p>\n","protected":false},"author":2,"featured_media":7679,"comment_status":"open","ping_status":"open","sticky":false,"template":"","format":"standard","meta":{"colormag_page_container_layout":"default_layout","colormag_page_sidebar_layout":"default_layout","jetpack_post_was_ever_published":false,"_jetpack_newsletter_access":"","_jetpack_dont_email_post_to_subs":false,"_jetpack_newsletter_tier_id":0,"_jetpack_memberships_contains_paywalled_content":false,"_jetpack_memberships_contains_paid_content":false,"footnotes":""},"categories":[2],"tags":[],"class_list":["post-7678","post","type-post","status-publish","format-standard","has-post-thumbnail","hentry","category-politica"],"jetpack_featured_media_url":"https:\/\/www.tribunanf.com.br\/blogdoralfereis\/wp-content\/uploads\/sites\/11\/2021\/09\/lula.jpg","jetpack_sharing_enabled":true,"_links":{"self":[{"href":"https:\/\/www.tribunanf.com.br\/blogdoralfereis\/wp-json\/wp\/v2\/posts\/7678","targetHints":{"allow":["GET"]}}],"collection":[{"href":"https:\/\/www.tribunanf.com.br\/blogdoralfereis\/wp-json\/wp\/v2\/posts"}],"about":[{"href":"https:\/\/www.tribunanf.com.br\/blogdoralfereis\/wp-json\/wp\/v2\/types\/post"}],"author":[{"embeddable":true,"href":"https:\/\/www.tribunanf.com.br\/blogdoralfereis\/wp-json\/wp\/v2\/users\/2"}],"replies":[{"embeddable":true,"href":"https:\/\/www.tribunanf.com.br\/blogdoralfereis\/wp-json\/wp\/v2\/comments?post=7678"}],"version-history":[{"count":0,"href":"https:\/\/www.tribunanf.com.br\/blogdoralfereis\/wp-json\/wp\/v2\/posts\/7678\/revisions"}],"wp:featuredmedia":[{"embeddable":true,"href":"https:\/\/www.tribunanf.com.br\/blogdoralfereis\/wp-json\/wp\/v2\/media\/7679"}],"wp:attachment":[{"href":"https:\/\/www.tribunanf.com.br\/blogdoralfereis\/wp-json\/wp\/v2\/media?parent=7678"}],"wp:term":[{"taxonomy":"category","embeddable":true,"href":"https:\/\/www.tribunanf.com.br\/blogdoralfereis\/wp-json\/wp\/v2\/categories?post=7678"},{"taxonomy":"post_tag","embeddable":true,"href":"https:\/\/www.tribunanf.com.br\/blogdoralfereis\/wp-json\/wp\/v2\/tags?post=7678"}],"curies":[{"name":"wp","href":"https:\/\/api.w.org\/{rel}","templated":true}]}}